{"id":13627,"date":"2023-04-04T08:41:05","date_gmt":"2023-04-04T06:41:05","guid":{"rendered":"https:\/\/inderen.es\/?p=13627"},"modified":"2023-04-04T09:08:25","modified_gmt":"2023-04-04T07:08:25","slug":"paneles-solares-coche-electrico-tandem-perfecto","status":"publish","type":"post","link":"https:\/\/inderen.es\/es\/paneles-solares-coche-electrico-tandem-perfecto\/","title":{"rendered":"Paneles solares para cargar tu coche el\u00e9ctrico: un t\u00e1ndem perfecto"},"content":{"rendered":"<div>\n<p class=\"ymstyleespacioblanco\">\n<\/div>\n<h2 class=\"ymstyleh2\">Desde <a class=\"ymcolor01enlace01\" href=\"https:\/\/inderen.es\/es\/instalacion-puntos-recarga\/\" target=\"_blank\" rel=\"noopener noreferrer\">INDEREN<\/a> estamos especializados en la instalaci\u00f3n de placas solares para cargar tu veh\u00edculo el\u00e9ctrico y creamos la alianza perfecta para tu ahorro e independencia energ\u00e9tica.<\/h2>\n<div>\n<p class=\"ymstyleespacioblanco\">\n<\/div>\n<div class=\"ymstyleblack\">Los avances tecnol\u00f3gicos permiten que la uni\u00f3n de una instalaci\u00f3n de placas solares con el coche el\u00e9ctrico, se traduzca en un mayor ahorro al tiempo que reducen tu independencia de la red el\u00e9ctrica.<\/div>\n<div>\n<p class=\"ymstyleespacioblanco2\">\n<\/div>\n<div class=\"ymstyleblack\">Est\u00e1 claro que dentro del proceso de descarbonizaci\u00f3n y de transici\u00f3n energ\u00e9tica, la movilidad es un elemento fundamental.<\/div>\n<div>\n<p class=\"ymstyleespacioblanco2\">\n<\/div>\n<div class=\"ymstyleblack\">Prueba de ello es el impulso que desde el Gobierno se est\u00e1 dando a este tipo de tecnolog\u00eda, a trav\u00e9s del plan de incentivos MOVES III, por ejemplo.<\/div>\n<div>\n<p class=\"ymstyleespacioblanco2\">\n<\/div>\n<div class=\"ymstyleblack\">En un contexto de continuos m\u00e1ximos hist\u00f3ricos en el precio de la luz, puede que te eche para atr\u00e1s pensar en el coste que puede suponer la carga de tu coche el\u00e9ctrico. Pero si apuestas por instalar placas solares en tu vivienda o empresa, dejar\u00e1s de tener esta preocupaci\u00f3n. En este art\u00edculo te explicamos el por qu\u00e9.<\/div>\n<div>\n<p class=\"ymstyleespacioblanco2\">\n<\/div>\n<div class=\"ymstyleblack\">En <a class=\"ymcolor01enlace01\" href=\"https:\/\/inderen.es\/es\/instalacion-puntos-recarga\/\" target=\"_blank\" rel=\"noopener noreferrer\">INDEREN<\/a> somos expertos en energ\u00eda fotovoltaica DESDE EL A\u00d1O 2006. Una experiencia que queremos compartir contigo para que puedas ahorrar produciendo tu propia energ\u00eda limpia. As\u00ed que si tienes alguna duda, contacta con nosotros sin compromiso y estaremos encantados de resolver tus dudas.<\/div>\n<div>\n<p class=\"ymstyleespacioblanco\">\n<\/div>\n<div class=\"ymstyleblue\"><a class=\"ymscroll01enlace\" href=\"https:\/\/inderen.es\/es\/instalacion-puntos-recarga\/\" target=\"_blank\" rel=\"noopener noreferrer\">\u00a1Solicita presupuesto sin compromiso!<\/a><\/div>\n<div>\n<p class=\"ymstyleespacioblanco\">\n<\/div>\n<h2 class=\"ymstyleh203\">\u00bfPuedo cargar mi coche el\u00e9ctrico con placas solares?<\/h2>\n<div class=\"ymstyleblack\">La respuesta es f\u00e1cil: S\u00ed, <span class=\"ymstylespanbold01\">con tu instalaci\u00f3n de placas solares puedes cargar tu coche el\u00e9ctrico<\/span>. La combinaci\u00f3n de la tecnolog\u00eda solar con la movilidad el\u00e9ctrica no solo es posible sino que es altamente <span class=\"ymstylespanbold01\">rentable y ecol\u00f3gica<\/span>.<\/div>\n<div>\n<p class=\"ymstyleespacioblanco2\">\n<\/div>\n<div class=\"ymstyleblack\">Lo importante aqu\u00ed es <span class=\"ymstylespanbold01\">dimensionar bien tu instalaci\u00f3n<\/span>, para que no te falte energ\u00eda y puedas sacar el m\u00e1ximo rendimiento.<\/div>\n<div>\n<p class=\"ymstyleespacioblanco2\">\n<\/div>\n<div class=\"ymstyleblack\">Tomemos como ejemplo un coche que consuma 18kWh por cada 100km. Si circula unos 50km de media al d\u00eda, su consumo ser\u00e1 de 9kWh diarios; a los que tendr\u00e1s que a\u00f1adir el resto de consumos el\u00e9ctricos que tengas. Seg\u00fan este c\u00e1lculo, con una instalaci\u00f3n solar dom\u00e9stica de 5kWp, por ejemplo, (que produzca unos 30kWh al d\u00eda) podr\u00eda ser suficiente para cubrir tus necesidades energ\u00e9ticas.<\/div>\n<div>\n<p class=\"ymstyleespacioblanco2\">\n<\/div>\n<div class=\"ymstyleblack\">No obstante, que tu instalaci\u00f3n de autoconsumo con placas solares pueda alimentar completamente tanto tu casa o empresa como tu coche el\u00e9ctrico, depende de los siguientes <span class=\"ymstylespanbold01\">factores<\/span>:<\/div>\n<div class=\"ymstylelistpad\">\n<ul class=\"ymstyleul1\">\n<li><span class=\"ymstylespanbold01\">Eficiencia del equipo solar:<\/span> las placas solares, el inversor y las bater\u00edas opcionales.<\/li>\n<li><span class=\"ymstylespanbold01\">Potencial solar de la ubicaci\u00f3n<\/span> si hay sombra de edificios, \u00e1rboles, caracter\u00edsticas de la casa, horas de luz solar, etc.<\/li>\n<li><span class=\"ymstylespanbold01\">Orientaci\u00f3n del tejado:<\/span> la mayor\u00eda de los paneles solares se instalan orientados al sur y, a veces, al este u oeste.<\/li>\n<li><span class=\"ymstylespanbold01\">Consumo de energ\u00eda:<\/span> puedes revisar tus facturas para ver el consumo que realizas (kWh).<\/li>\n<li><span class=\"ymstylespanbold01\">Eficiencia del Veh\u00edculo el\u00e9ctrico:<\/span> las variaciones entre modelos y marcas son sustanciales, pero puede decirse que, en general, la mayor\u00eda de los <span class=\"ymstylespanbold01\">coche el\u00e9ctricos<\/span> consumen entre 14 y 21 kWh por cada 100km.<\/li>\n<li><span class=\"ymstylespanbold01\">Cu\u00e1nto conduces:<\/span> no ser\u00e1 lo mismo que cojas el coche todos los d\u00edas que lo hagas de vez en cuando.<\/li>\n<li><span class=\"ymstylespanbold01\">D\u00f3nde carga:<\/span> si cargas solo en casa o tienes punto de recarga en el trabajo o recargas en estaciones de servicio.<\/li>\n<\/ul>\n<\/div>\n<div>\n<p class=\"ymstyleespacioblanco\">\n<\/div>\n<div class=\"ymstyleblack\">Esta informaci\u00f3n te puede servir de orientaci\u00f3n; pero si quieres saber realmente las placas solares que necesitar\u00edas para tu instalaci\u00f3n en funci\u00f3n de tu consumo, contacta con nosotros y te haremos gratuitamente el estudio previo para ver el tipo de instalaci\u00f3n que m\u00e1s se ajusta a tus necesidades.<\/div>\n<div>\n<p class=\"ymstyleespacioblanco\">\n<\/div>\n<div class=\"ymstyleblue\"><a class=\"ymscroll01enlace\" href=\"https:\/\/inderen.es\/es\/instalacion-puntos-recarga\/\" target=\"_blank\" rel=\"noopener noreferrer\">\u00a1Solicita presupuesto sin compromiso!<\/a><\/div>\n<div>\n<p class=\"ymstyleespacioblanco\">\n<\/div>\n<h2 class=\"ymstyleh203\">\u00bfPor qu\u00e9 combinar placas solares y coche el\u00e9ctrico es una buena idea?<\/h2>\n<div class=\"ymstyleblack\">Combinar las placas solares con la movilidad el\u00e9ctrica aporta una serie de <span class=\"ymstylespanbold01\">beneficios<\/span> entre los que destacan el <span class=\"ymstylespanbold01\">mayor ahorro<\/span> que supone; la <span class=\"ymstylespanbold01\">mayor independencia<\/span> de la red; la capacidad de <span class=\"ymstylespanbold01\">actualizar los sistemas en funci\u00f3n de las necesidades<\/span> que vayan surgiendo; o la posibilidad de <span class=\"ymstylespanbold01\">gestionar todos los equipos desde una sola aplicaci\u00f3n<\/span>.<\/div>\n<div>\n<p class=\"ymstyleespacioblanco2\">\n<\/div>\n<div class=\"ymstyleblack\">Veamos con m\u00e1s detenimiento a que nos referimos.<\/div>\n<h3 class=\"ymstyleh301\">Maximiza el ahorro instalando placas solares<\/h3>\n<div class=\"ymstyleblack\">Con los <span class=\"ymstylespanbold01\">nuevos periodos tarifarios del d\u00eda (punta, llano y valle)<\/span>, si realizas tu consumo durante el d\u00eda te va a salir mucho m\u00e1s caro que si los realizas por la noche. No obstante, con un sistema de <span class=\"ymstylespanbold01\">autoconsumo fotovoltaico<\/span> no tienes este problema. La raz\u00f3n es simple: <span class=\"ymstylespanbold01\">tus placas solares estar\u00e1n a m\u00e1ximo rendimiento durante el d\u00eda<\/span>, coincidiendo con las horas m\u00e1s caras del d\u00eda. Y por la noche, cuando las placas solares dejan de producir, <span class=\"ymstylespanbold01\">podr\u00e1s hacer uso de la red, precisamente, en el periodo tarifario m\u00e1s barato (valle)<\/span>.<\/div>\n<div>\n<p class=\"ymstyleespacioblanco2\">\n<\/div>\n<div class=\"ymstyleblack\">Pero el ahorro asociado al autoconsumo no es una novedad. La cuesti\u00f3n ser\u00eda entonces, <span class=\"ymstylespanbold01\">\u00bfc\u00f3mo maximizamos el ahorro con el coche el\u00e9ctrico?<\/span> Sencillo. Cuanta m\u00e1s energ\u00eda autoconsumamos mayor ser\u00e1 el ahorro que estemos teniendo, ya que menos energ\u00eda necesitaremos adquirir de la red.<\/div>\n<div>\n<p class=\"ymstyleespacioblanco2\">\n<\/div>\n<div class=\"ymstyleblack\">Por ejemplo, con la progresiva expansi\u00f3n del teletrabajo, cada vez m\u00e1s personas tienen la <span class=\"ymstylespanbold01\">posibilidad de estar trabajando mientras cargan su coche el\u00e9ctrico<\/span>. Tambi\u00e9n esto es posible cuando hablamos de centros de trabajo donde incorporan <span class=\"ymstylespanbold01\">puntos de recarga vinculados con su sistema fotovoltaico<\/span>. Y todo lo que cargues a trav\u00e9s de tus placas solares no tendr\u00e1s que abonarlo en la factura a final de mes.<\/div>\n<div>\n<p class=\"ymstyleespacioblanco2\">\n<\/div>\n<div class=\"ymstyleblack\">Pongamos ahora que no tienes otra opci\u00f3n que <span class=\"ymstylespanbold01\">cargar tu coche el\u00e9ctrico por la noche<\/span>. Si cuentas con un <span class=\"ymstylespanbold01\">sistema de almacenamiento<\/span>, podr\u00e1s aumentar tu ahorro utilizando la energ\u00eda acumulada en tus bater\u00edas solares para cargar tu coche.<\/div>\n<div>\n<p class=\"ymstyleespacioblanco2\">\n<\/div>\n<div class=\"ymstyleblack\">Pero si, a pesar de las <span class=\"ymstylespanbold01\">nuevas ayudas europeas para el autoconsumo y el almacenamiento<\/span>, no tienes la posibilidad de instalar <span class=\"ymstylespanbold01\">bater\u00edas solares<\/span>, y te ves en la necesidad de tomar energ\u00eda de la red, tampoco deber\u00e1s preocuparte en exceso, ya que <span class=\"ymstylespanbold01\">coincidir\u00e1 con el periodo tarifario m\u00e1s barato<\/span>.<\/div>\n<h3 class=\"ymstyleh301\">Mayor independencia energ\u00e9tica<\/h3>\n<div class=\"ymstyleblack\">El autoconsumo tambi\u00e9n <span class=\"ymstylespanbold01\">reduce la dependencia que tienes de la red el\u00e9ctrica; especialmente<\/span>, si cuentas con un sistema de almacenamiento de energ\u00eda solar. Y ser m\u00e1s independiente no solo implica un <span class=\"ymstylespanbold01\">mayor ahorro<\/span>, tambi\u00e9n supone <span class=\"ymstylespanbold01\">estar menos sometido a las subidas del precio de la luz<\/span>.<\/div>\n<div>\n<p class=\"ymstyleespacioblanco2\">\n<\/div>\n<div class=\"ymstyleblack\">A su vez, una <span class=\"ymstylespanbold01\">mayor independencia te proporciona una mayor seguridad en caso de apag\u00f3n<\/span>. Si tu inversor y bater\u00edas cuentan con un sistema de emergencia o backup adaptado a la normativa espa\u00f1ola, podr\u00e1s seguir disponiendo de electricidad cuando la red se caiga.<\/div>\n<h3 class=\"ymstyleh301\">Adaptabilidad y escalabilidad<\/h3>\n<div class=\"ymstyleblack\">A pesar de las ayudas que hay tanto para instalaciones fotovoltaicas como para coche el\u00e9ctricos, plantearte estas dos inversiones a la vez no est\u00e1 al alcance de todos los bolsillos. Por ello, gracias a la versatilidad de las nuevas tecnolog\u00edas fotovoltaicas, <span class=\"ymstylespanbold01\">los equipos est\u00e1n dise\u00f1ados para adaptarse a nuevas necesidades energ\u00e9ticas futuras<\/span>.<\/div>\n<div>\n<p class=\"ymstyleespacioblanco2\">\n<\/div>\n<div class=\"ymstyleblack\">Por tanto, no es necesario esperar a ahorrar para comprar las placas solares y el coche el\u00e9ctrico, porque estar\u00edamos perdiendo el ahorro potencial que puede ofrecer el autoconsumo ahora. Puedes empezar por una instalaci\u00f3n de placas solares para tu casa o empresa y, m\u00e1s adelante, ampliar tu instalaci\u00f3n para dar cabida a nuevos consumos como el coche el\u00e9ctrico.<\/div>\n<div>\n<p class=\"ymstyleespacioblanco2\">\n<\/div>\n<div class=\"ymstyleblack\">De hecho, hay fabricantes que ofrecen desde el inicio esta posibilidad, innovando con dispositivos compatibles con el resto del sistema fotovoltaico.<\/div>\n<h3 class=\"ymstyleh301\">Control centralizado<\/h3>\n<div class=\"ymstyleblack\">Puedes pensar que con tantos aparatos puede ser un l\u00edo gestionarlos. Nada m\u00e1s lejos de la realidad. Los fabricantes son cada vez m\u00e1s conscientes de la necesidad de hacer sencillo un procedimiento que puede parecer complicado. Por ello, desarrollan <span class=\"ymstylespanbold01\">aplicaciones m\u00f3viles desde las que puedes monitorizar y gestionar la energ\u00eda<\/span> de tu casa o empresa.<\/div>\n<div>\n<p class=\"ymstyleespacioblanco2\">\n<\/div>\n<div class=\"ymstyleblack\">Estas aplicaciones permiten la conexi\u00f3n a trav\u00e9s del punto de acceso de la caja o mediante la red integrada. Facilitan el <span class=\"ymstylespanbold01\">acceso remoto directamente a trav\u00e9s de conexi\u00f3n a internet<\/span>; as\u00ed como la puesta en marcha y la monitorizaci\u00f3n del proceso. Tambi\u00e9n incluyen opciones de configuraci\u00f3n (modos de carga, amperaje, etc.), con lo que podr\u00e1s adaptar tu sistema fotovoltaico a tus h\u00e1bitos de consumo.<\/div>\n<div>\n<p class=\"ymstyleespacioblanco\">\n<\/div>\n<p><img loading=\"lazy\" decoding=\"async\" class=\"img-fluid aligncenter ymstylesinmargin01\" src=\"https:\/\/inderen.es\/wp-content\/uploads\/2023\/04\/instalacion-de-puntos-de-recarga-INDEREN-07.jpg\" alt=\"instalaci\u00f3n de puntos de recarga INDEREN-07\" width=\"800\" height=\"683\" \/><\/p>\n<div class=\"ymstyleblack2\">Interfaz de una app<\/div>\n<div>\n<p class=\"ymstyleespacioblanco\">\n<\/div>\n<h3 class=\"ymstyleh301\">Alianza por el medioambiente<\/h3>\n<div class=\"ymstyleblack\">Finalmente, pero no por ello menos importante, cabe mencionar que si <span class=\"ymstylespanbold01\">tanto una tecnolog\u00eda como otra contribuyen a combatir el cambio clim\u00e1tico reduciendo las emisiones de CO2<\/span>, juntas multiplican este impacto. De hecho, son <span class=\"ymstylespanbold01\">dos de las principales tecnolog\u00edas se\u00f1aladas para facilitar la transici\u00f3n energ\u00e9tica<\/span>.<\/div>\n<div>\n<p class=\"ymstyleespacioblanco2\">\n<\/div>\n<div class=\"ymstyleblack\">A su vez, cargando tu VE con energ\u00eda solar estar\u00e1s contribuyendo a <span class=\"ymstylespanbold01\">reducir la presi\u00f3n de la red general<\/span>, disminuyendo la demanda y, con ello, la necesidad de utilizar otras energ\u00edas no renovables para abastecer a la poblaci\u00f3n.<\/div>\n<div>\n<p class=\"ymstyleespacioblanco\">\n<\/div>\n<div class=\"ymstyleblue\"><a class=\"ymscroll01enlace\" href=\"https:\/\/inderen.es\/es\/instalacion-puntos-recarga\/\" target=\"_blank\" rel=\"noopener noreferrer\">\u00a1Solicita presupuesto sin compromiso!<\/a><\/div>\n<div>\n<p class=\"ymstyleespacioblanco\">\n<\/div>\n<h2 class=\"ymstyleh203\">\u00bfPuedo utilizar la energ\u00eda de la bater\u00eda del coche el\u00e9ctrico para alimentar otras necesidades el\u00e9ctricas?<\/h2>\n<div class=\"ymstyleblack\">Una relaci\u00f3n simbi\u00f3tica es, en t\u00e9rminos generales, aquella en la que hay un mutuo beneficio. El beneficio para el coche el\u00e9ctrico es poder cargar con energ\u00eda limpia y renovable. Pero \u00bfc\u00f3mo puede contribuir el veh\u00edculo el\u00e9ctrico a las necesidades energ\u00e9ticas? Gracias al avance de la tecnolog\u00eda, <span class=\"ymstylespanbold01\">ya est\u00e1 siendo posible el uso de la bater\u00eda del coche para cubrir necesidades energ\u00e9ticas puntuales<\/span>. Algo que es factible gracias a lo que se denomina V2G y V2X.<\/div>\n<h3 class=\"ymstyleh301\">\u00bfQu\u00e9 es V2G y V2X?<\/h3>\n<div class=\"ymstyleblack\">V2G significa \u201c<span class=\"ymstylespanbold01\">veh\u00edculo a red<\/span>\u201d. Se trata de una tecnolog\u00eda que permite volcar la energ\u00eda de la bater\u00eda de un veh\u00edculo el\u00e9ctrico a la red. Es decir, la bater\u00eda de un coche podr\u00eda inyectar energ\u00eda en la red o regular su nivel de carga como parte de un servicio de respuesta a la demanda que tengas. Una tecnolog\u00eda que podr\u00eda ser \u00fatil tanto para empresas como para particulares.<\/div>\n<div>\n<p class=\"ymstyleespacioblanco2\">\n<\/div>\n<div class=\"ymstyleblack\">V2X significa \u201c<span class=\"ymstylespanbold01\">veh\u00edculo para todo<\/span>\u201d. Similar a la anterior, pero incluye un mayor n\u00famero de usos, como: los servicios de \u201cveh\u00edculo a casa\u201d (V2H), de \u201cveh\u00edculo a edificio\u201d (V2B) y de \u201cveh\u00edculo a red\u201d (V2G).<\/div>\n<div>\n<p class=\"ymstyleespacioblanco2\">\n<\/div>\n<div class=\"ymstyleblack\">La idea es similar a la <span class=\"ymstylespanbold01\">carga inteligente regular<\/span>. La carga inteligente (V1G), te permite controlar la carga del VE facilitando que la potencia de carga aumente y disminuya cuando sea necesario. Pero la V2G y V2X van un paso m\u00e1s all\u00e1 y <span class=\"ymstylespanbold01\">posibilitan que la energ\u00eda cargada en las bater\u00edas del coche tambi\u00e9n se devuelva moment\u00e1neamente a la red, a tu vivienda o empresa<\/span>, para equilibrar las variaciones en la producci\u00f3n y el consumo de energ\u00eda.<\/div>\n<h3 class=\"ymstyleh301\">Tecnolog\u00eda y dispositivos V2G<\/h3>\n<div class=\"ymstyleblack\">Antes de salir al mercado, esta tecnolog\u00eda <span class=\"ymstylespanbold01\">debe superar algunos obst\u00e1culos antes de que se convierta en una de las principales herramientas de gesti\u00f3n de energ\u00eda<\/span>.<\/div>\n<div>\n<p class=\"ymstyleespacioblanco2\">\n<\/div>\n<div class=\"ymstyleblack\">Varios proveedores de hardware han desarrollado modelos de dispositivos compatibles con la tecnolog\u00eda de veh\u00edculo a red. Al igual que cualquier otro dispositivo de carga, <span class=\"ymstylespanbold01\">los cargadores V2G ya vienen en muchas formas y tama\u00f1os<\/span>.<\/div>\n<div>\n<p class=\"ymstyleespacioblanco2\">\n<\/div>\n<div class=\"ymstyleblack\">Por lo general, la <span class=\"ymstylespanbold01\">potencia de carga m\u00e1xima es de alrededor de 10 kW<\/span>, lo suficiente para cargar en el hogar o en el lugar de trabajo. En el futuro, se aplicar\u00e1n soluciones de carga a\u00fan m\u00e1s amplias.<\/div>\n<div>\n<p class=\"ymstyleespacioblanco2\">\n<\/div>\n<div class=\"ymstyleblack\">Los dispositivos de carga del veh\u00edculo a la red son <span class=\"ymstylespanbold01\">cargadores de CC<\/span>, ya que de esta manera se pueden omitir los cargadores integrados unidireccionales propios de los coches. Tambi\u00e9n ha habido proyectos en los que un veh\u00edculo tiene un cargador de CC a bordo y el veh\u00edculo se puede conectar a un cargador de CA. Sin embargo, esta no es una soluci\u00f3n com\u00fan en la actualidad.<\/div>\n<div>\n<p class=\"ymstyleespacioblanco2\">\n<\/div>\n<div class=\"ymstyleblack\">Por tanto, <span class=\"ymstylespanbold01\">los dispositivos existen y son factibles, pero a\u00fan hay margen de mejora<\/span> a medida que madura la tecnolog\u00eda.<\/div>\n<div>\n<p class=\"ymstyleespacioblanco\">\n<\/div>\n<div class=\"ymstylehr01paddingfix\">\n<hr class=\"ymstylehr01\" \/><\/div>\n<div>\n<p class=\"ymstyleespacioblanco\">\n<\/div>\n<div class=\"ymstyleblack\">En este art\u00edculo hemos visto que existen claros beneficios econ\u00f3micos y ambientales al combinar un coche el\u00e9ctrico con un sistema fotovoltaico. Si ya tienes un coche el\u00e9ctrico, la instalaci\u00f3n fotovoltaica puede ser una buena inversi\u00f3n para compensar tus facturas de la luz. Y si est\u00e1 considerando comprar un coche nuevo y ya tienes paneles solares, entonces cambiar a un veh\u00edculo el\u00e9ctrico puede tener mucho sentido para maximizar los beneficios de tu autoconsumo fotovoltaico.<\/div>\n<div>\n<p class=\"ymstyleespacioblanco2\">\n<\/div>\n<div class=\"ymstyleblack\">Si necesitas m\u00e1s informaci\u00f3n sobre c\u00f3mo ahorrar en tu factura de la luz con energ\u00eda limpia, contacta con nosotros sin compromiso. Podemos asesorarte y hacer un estudio previo gratuito de la instalaci\u00f3n que puedes requerir.<\/div>\n<div>\n<p class=\"ymstyleespacioblanco\">\n<\/div>\n<div class=\"ymstyleblack\"><span class=\"ymstylespanbold01\">\u00a1Somos tu mejor aliado!<\/span><\/div>\n<div>\n<p class=\"ymstyleespacioblanco\">\n<\/div>\n<div class=\"ymstyleblue\"><a class=\"ymscroll01enlace\" href=\"https:\/\/inderen.es\/es\/instalacion-puntos-recarga\/\" target=\"_blank\" rel=\"noopener noreferrer\">\u00a1Solicita presupuesto sin compromiso!<\/a><\/div>\n<div>\n<p class=\"ymstyleespacioblanco\">\n<\/div>\n<div>\n<p class=\"ymstyleespacioblanco\">\n<\/div>\n<div class=\"ymstyleblack\"><span class=\"ymstylespanbold01\">Compartir este art\u00edculo en las Redes Sociales: <\/span><!-- Simple Share Buttons Adder (8.5.4) simplesharebuttons.com --><div class=\"ssba-modern-2 ssba ssbp-wrap aligncenter ssbp--theme-1\"><div style=\"text-align:center\"><ul class=\"ssbp-list\"><li class='ssbp-li--linkedin'><a data-site=\"linkedin\" class=\"ssba_linkedin_share ssba_share_link ssbp-linkedin ssbp-btn\" href=\"https:\/\/www.linkedin.com\/shareArticle?title=Paneles solares para cargar tu coche el\u00e9ctrico: un t\u00e1ndem perfecto&url=https:\/\/inderen.es\/es\/wp-json\/wp\/v2\/posts\/13627\"  target=_blank  style=\"color:#0077b5; background-color: #0077b5; height: 48px; width: 48px; \" ><span><svg xmlns=\"http:\/\/www.w3.org\/2000\/svg\" fill=\"#fff\" preserveAspectRatio=\"xMidYMid meet\" height=\"1em\" width=\"1em\" viewBox=\"0 0 40 40\">\n  <g>\n    <path d=\"m13.3 31.7h-5v-16.7h5v16.7z m18.4 0h-5v-8.9c0-2.4-0.9-3.5-2.5-3.5-1.3 0-2.1 0.6-2.5 1.9v10.5h-5s0-15 0-16.7h3.9l0.3 3.3h0.1c1-1.6 2.7-2.8 4.9-2.8 1.7 0 3.1 0.5 4.2 1.7 1 1.2 1.6 2.8 1.6 5.1v9.4z m-18.3-20.9c0 1.4-1.1 2.5-2.6 2.5s-2.5-1.1-2.5-2.5 1.1-2.5 2.5-2.5 2.6 1.2 2.6 2.5z\"><\/path>\n  <\/g>\n<\/svg>\n\n<\/span><span class=\"color-icon\"><svg xmlns=\"http:\/\/www.w3.org\/2000\/svg\" xmlns:xlink=\"http:\/\/www.w3.org\/1999\/xlink\" width=\"50px\" height=\"50px\" viewBox=\"0 0 50 50\" version=\"1.1\">\n<g id=\"surface97807\">\n<path style=\" stroke:none;fill-rule:nonzero;fill:rgb(0%,46.666667%,70.980392%);fill-opacity:1;\" d=\"M 8 3.007812 C 4.53125 3.007812 2.007812 5.089844 2.007812 7.949219 C 2.007812 10.820312 4.589844 12.988281 8 12.988281 C 11.46875 12.988281 13.988281 10.871094 13.988281 7.890625 C 13.832031 5.019531 11.359375 3.007812 8 3.007812 Z M 3 15 C 2.449219 15 2 15.449219 2 16 L 2 45 C 2 45.550781 2.449219 46 3 46 L 13 46 C 13.550781 46 14 45.550781 14 45 L 14 16 C 14 15.449219 13.550781 15 13 15 Z M 18 15 C 17.449219 15 17 15.449219 17 16 L 17 45 C 17 45.550781 17.449219 46 18 46 L 27 46 C 27.550781 46 28 45.550781 28 45 L 28 29.5 C 28 27.128906 29.820312 25.199219 32.140625 25.019531 C 32.261719 25 32.378906 25 32.5 25 C 32.621094 25 32.738281 25 32.859375 25.019531 C 35.179688 25.199219 37 27.128906 37 29.5 L 37 45 C 37 45.550781 37.449219 46 38 46 L 47 46 C 47.550781 46 48 45.550781 48 45 L 48 28 C 48 21.53125 44.527344 15 36.789062 15 C 33.269531 15 30.609375 16.359375 29 17.488281 L 29 16 C 29 15.449219 28.550781 15 28 15 Z M 18 15 \"\/>\n<\/g>\n<\/svg>\n<\/span><div title=\"Linkedin\" class=\"ssbp-text\">Linkedin<\/div><\/a><\/li><li class='ssbp-li--facebook'><a data-site=\"facebook\" class=\"ssba_facebook_share ssba_share_link ssbp-facebook ssbp-btn\" href=\"https:\/\/www.facebook.com\/sharer.php?t=Paneles solares para cargar tu coche el\u00e9ctrico: un t\u00e1ndem perfecto&u=https:\/\/inderen.es\/es\/wp-json\/wp\/v2\/posts\/13627\"  target=_blank  style=\"color:#4267B2; background-color: #4267B2; height: 48px; width: 48px; \" ><span><svg xmlns=\"http:\/\/www.w3.org\/2000\/svg\" fill=\"#fff\" preserveAspectRatio=\"xMidYMid meet\" height=\"1em\" width=\"1em\" viewBox=\"0 0 40 40\">\n  <g>\n    <path d=\"m21.7 16.7h5v5h-5v11.6h-5v-11.6h-5v-5h5v-2.1c0-2 0.6-4.5 1.8-5.9 1.3-1.3 2.8-2 4.7-2h3.5v5h-3.5c-0.9 0-1.5 0.6-1.5 1.5v3.5z\"><\/path>\n  <\/g>\n<\/svg>\n\n<\/span><span class=\"color-icon\"><svg xmlns=\"http:\/\/www.w3.org\/2000\/svg\" width=\"16\" height=\"28\" viewBox=\"0 0 16 28\">\n  <path fill=\"#3B5998\" d=\"M10.7,10.7 L15.7,10.7 L15.7,15.7 L10.7,15.7 L10.7,27.3 L5.7,27.3 L5.7,15.7 L0.7,15.7 L0.7,10.7 L5.7,10.7 L5.7,8.6 C5.7,6.6 6.3,4.1 7.5,2.7 C8.8,1.4 10.3,0.7 12.2,0.7 L15.7,0.7 L15.7,5.7 L12.2,5.7 C11.3,5.7 10.7,6.3 10.7,7.2 L10.7,10.7 Z\"\/>\n<\/svg>\n<\/span><div title=\"Facebook\" class=\"ssbp-text\">Facebook<\/div><\/a><\/li><li class='ssbp-li--twitter'><a data-site=\"twitter\" class=\"ssba_twitter_share ssba_share_link ssbp-twitter ssbp-btn\" href=\"https:\/\/twitter.com\/intent\/tweet?text=Paneles solares para cargar tu coche el\u00e9ctrico: un t\u00e1ndem perfecto&url=https:\/\/inderen.es\/es\/wp-json\/wp\/v2\/posts\/13627&via=\"  target=_blank  style=\"color:#000000; background-color: #000000; height: 48px; width: 48px; \" ><span><svg width=\"25\" height=\"25\" viewBox=\"0 0 25 25\" fill=\"none\" xmlns=\"http:\/\/www.w3.org\/2000\/svg\">\n    <rect width=\"25\" height=\"25\" \/>\n    <path d=\"M14.4821 11.6218L21.0389 4H19.4852L13.7919 10.6179L9.24467 4H4L10.8763 14.0074L4 22H5.55385L11.5661 15.0113L16.3683 22H21.613L14.4821 11.6218ZM6.11371 5.16972H8.50031L19.4859 20.8835H17.0993L6.11371 5.16972Z\" fill=\"white\"\/>\n<\/svg>\n<\/span><span class=\"color-icon\"><svg width=\"25\" height=\"25\" viewBox=\"0 0 25 25\" fill=\"none\" xmlns=\"http:\/\/www.w3.org\/2000\/svg\">\n\t<rect width=\"25\" height=\"25\" \/>\n\t<path d=\"M14.4821 11.6218L21.0389 4H19.4852L13.7919 10.6179L9.24467 4H4L10.8763 14.0074L4 22H5.55385L11.5661 15.0113L16.3683 22H21.613L14.4821 11.6218ZM6.11371 5.16972H8.50031L19.4859 20.8835H17.0993L6.11371 5.16972Z\" fill=\"#000000\"\/>\n<\/svg>\n<\/span><div title=\"Twitter\" class=\"ssbp-text\">Twitter<\/div><\/a><\/li><li class='ssbp-li--pinterest'><a data-site=\"pinterest\" class=\"ssba_pinterest_share ssba_share_link ssbp-pinterest ssbp-btn\" href=\"https:\/\/pinterest.com\/pin\/create\/button\/?description=Paneles solares para cargar tu coche el\u00e9ctrico: un t\u00e1ndem perfecto&media=&url=https:\/\/inderen.es\/es\/wp-json\/wp\/v2\/posts\/13627\"  target=_blank  style=\"color:#CB2027; background-color: #CB2027; height: 48px; width: 48px; \" ><span><svg xmlns=\"http:\/\/www.w3.org\/2000\/svg\" fill=\"#fff\" preserveAspectRatio=\"xMidYMid meet\" height=\"1em\" width=\"1em\" viewBox=\"0 0 40 40\">\n  <g>\n    <path d=\"m37.3 20q0 4.7-2.3 8.6t-6.3 6.2-8.6 2.3q-2.4 0-4.8-0.7 1.3-2 1.7-3.6 0.2-0.8 1.2-4.7 0.5 0.8 1.7 1.5t2.5 0.6q2.7 0 4.8-1.5t3.3-4.2 1.2-6.1q0-2.5-1.4-4.7t-3.8-3.7-5.7-1.4q-2.4 0-4.4 0.7t-3.4 1.7-2.5 2.4-1.5 2.9-0.4 3q0 2.4 0.8 4.1t2.7 2.5q0.6 0.3 0.8-0.5 0.1-0.1 0.2-0.6t0.2-0.7q0.1-0.5-0.3-1-1.1-1.3-1.1-3.3 0-3.4 2.3-5.8t6.1-2.5q3.4 0 5.3 1.9t1.9 4.7q0 3.8-1.6 6.5t-3.9 2.6q-1.3 0-2.2-0.9t-0.5-2.4q0.2-0.8 0.6-2.1t0.7-2.3 0.2-1.6q0-1.2-0.6-1.9t-1.7-0.7q-1.4 0-2.3 1.2t-1 3.2q0 1.6 0.6 2.7l-2.2 9.4q-0.4 1.5-0.3 3.9-4.6-2-7.5-6.3t-2.8-9.4q0-4.7 2.3-8.6t6.2-6.2 8.6-2.3 8.6 2.3 6.3 6.2 2.3 8.6z\"><\/path>\n  <\/g>\n<\/svg>\n\n<\/span><span class=\"color-icon\"><svg xmlns=\"http:\/\/www.w3.org\/2000\/svg\" width=\"35\" height=\"36\" viewBox=\"0 0 35 36\">\n  <path fill=\"#CB2027\" d=\"M35.3,18 C35.3,21.1333333 34.5333333,24 33,26.6 C31.4666667,29.2 29.3666667,31.2666667 26.7,32.8 C24.0333333,34.3333333 21.1666667,35.1 18.1,35.1 C16.5,35.1 14.9,34.8666667 13.3,34.4 C14.1666667,33.0666667 14.7333333,31.8666667 15,30.8 C15.1333333,30.2666667 15.5333333,28.7 16.2,26.1 C16.5333333,26.6333333 17.1,27.1333333 17.9,27.6 C18.7,28.0666667 19.5333333,28.2666667 20.4,28.2 C22.2,28.2 23.8,27.7 25.2,26.7 C26.6,25.7 27.7,24.3 28.5,22.5 C29.3,20.7 29.7,18.6666667 29.7,16.4 C29.7,14.7333333 29.2333333,13.1666667 28.3,11.7 C27.3666667,10.2333333 26.1,9 24.5,8 C22.9,7 21,6.53333333 18.8,6.6 C17.2,6.6 15.7333333,6.83333333 14.4,7.3 C13.0666667,7.76666667 11.9333333,8.33333333 11,9 C10.0666667,9.66666667 9.23333333,10.4666667 8.5,11.4 C7.76666667,12.3333333 7.26666667,13.3 7,14.3 C6.73333333,15.3 6.6,16.3 6.6,17.3 C6.6,18.9 6.86666667,20.2666667 7.4,21.4 C7.93333333,22.5333333 8.83333333,23.3666667 10.1,23.9 C10.5,24.1 10.7666667,23.9333333 10.9,23.4 C10.9666667,23.3333333 11.0333333,23.1333333 11.1,22.8 C11.1666667,22.4666667 11.2333333,22.2333333 11.3,22.1 C11.3666667,21.7666667 11.2666667,21.4333333 11,21.1 C10.2666667,20.2333333 9.9,19.1333333 9.9,17.8 C9.9,15.5333333 10.6666667,13.6 12.2,12 C13.7333333,10.4 15.7666667,9.56666667 18.3,9.5 C20.5666667,9.5 22.3333333,10.1333333 23.6,11.4 C24.8666667,12.6666667 25.5,14.2333333 25.5,16.1 C25.5,18.6333333 24.9666667,20.8 23.9,22.6 C22.8333333,24.4 21.5333333,25.2666667 20,25.2 C19.1333333,25.2 18.4,24.9 17.8,24.3 C17.2,23.7 17.0333333,22.9 17.3,21.9 C17.4333333,21.3666667 17.6333333,20.6666667 17.9,19.8 C18.1666667,18.9333333 18.4,18.1666667 18.6,17.5 C18.8,16.8333333 18.8666667,16.3 18.8,15.9 C18.8,15.1 18.6,14.4666667 18.2,14 C17.8,13.5333333 17.2333333,13.3 16.5,13.3 C15.5666667,13.3 14.8,13.7 14.2,14.5 C13.6,15.3 13.2666667,16.3666667 13.2,17.7 C13.2,18.7666667 13.4,19.6666667 13.8,20.4 L11.6,29.8 C11.3333333,30.8 11.2333333,32.1 11.3,33.7 C8.23333333,32.3666667 5.73333333,30.2666667 3.8,27.4 C1.86666667,24.5333333 0.933333333,21.4 1,18 C1,14.8666667 1.76666667,12 3.3,9.4 C4.83333333,6.8 6.9,4.73333333 9.5,3.2 C12.1,1.66666667 14.9666667,0.9 18.1,0.9 C21.2333333,0.9 24.1,1.66666667 26.7,3.2 C29.3,4.73333333 31.4,6.8 33,9.4 C34.6,12 35.3666667,14.8666667 35.3,18 Z\" transform=\"translate(-1)\"\/>\n<\/svg>\n<\/span><div title=\"Pinterest\" class=\"ssbp-text\">Pinterest<\/div><\/a><\/li><\/ul><\/div><\/div><\/div>\n<div>\n<p class=\"ymstyleespacioblanco\">\n<\/div>\n<div>\n<p class=\"ymstyleespacioblanco\">\n<\/div>\n","protected":false},"excerpt":{"rendered":"<p>Desde INDEREN estamos especializados en la instalaci\u00f3n de placas solares para cargar tu veh\u00edculo el\u00e9ctrico y creamos la alianza perfecta&#8230; <\/p>\n","protected":false},"author":4,"featured_media":13628,"comment_status":"closed","ping_status":"open","sticky":false,"template":"","format":"standard","meta":{"_monsterinsights_skip_tracking":false,"_monsterinsights_sitenote_active":false,"_monsterinsights_sitenote_note":"","_monsterinsights_sitenote_category":0,"footnotes":""},"categories":[67,28],"tags":[],"class_list":["post-13627","post","type-post","status-publish","format-standard","has-post-thumbnail","hentry","category-fotovoltaica","category-inderen-biogas-une-166002-idi-investigacion-desarrollo-e-innovacion"],"yoast_head":"<!-- This site is optimized with the Yoast SEO plugin v27.5 - https:\/\/yoast.com\/product\/yoast-seo-wordpress\/ -->\n<title>Paneles solares para cargar tu coche el\u00e9ctrico: un t\u00e1ndem perfecto<\/title>\n<meta name=\"description\" content=\"Desde INDEREN estamos especializados en la instalaci\u00f3n de placas solares para cargar tu veh\u00edculo el\u00e9ctrico y creamos la alianza perfecta...\" \/>\n<meta name=\"robots\" content=\"index, follow, max-snippet:-1, max-image-preview:large, max-video-preview:-1\" \/>\n<link rel=\"canonical\" href=\"https:\/\/inderen.es\/es\/paneles-solares-coche-electrico-tandem-perfecto\/\" \/>\n<meta property=\"og:locale\" content=\"es_ES\" \/>\n<meta property=\"og:type\" content=\"article\" \/>\n<meta property=\"og:title\" content=\"Paneles solares para cargar tu coche el\u00e9ctrico: un t\u00e1ndem perfecto\" \/>\n<meta property=\"og:description\" content=\"Desde INDEREN estamos especializados en la instalaci\u00f3n de placas solares para cargar tu veh\u00edculo el\u00e9ctrico y creamos la alianza perfecta...\" \/>\n<meta property=\"og:url\" content=\"https:\/\/inderen.es\/es\/paneles-solares-coche-electrico-tandem-perfecto\/\" \/>\n<meta property=\"og:site_name\" content=\"INDEREN (Ingenier\u00eda y desarrollos renovables, S.L.)\" \/>\n<meta property=\"article:publisher\" content=\"https:\/\/www.facebook.com\/INDEREN.ENERGIA\/\" \/>\n<meta property=\"article:published_time\" content=\"2023-04-04T06:41:05+00:00\" \/>\n<meta property=\"article:modified_time\" content=\"2023-04-04T07:08:25+00:00\" \/>\n<meta property=\"og:image\" content=\"https:\/\/inderen.es\/wp-content\/uploads\/2023\/04\/instalacion-de-puntos-de-recarga-INDEREN-03-edit-02.jpg\" \/>\n\t<meta property=\"og:image:width\" content=\"1197\" \/>\n\t<meta property=\"og:image:height\" content=\"529\" \/>\n\t<meta property=\"og:image:type\" content=\"image\/jpeg\" \/>\n<meta name=\"author\" content=\"Community Manager\" \/>\n<meta name=\"twitter:card\" content=\"summary_large_image\" \/>\n<meta name=\"twitter:creator\" content=\"@INDEREN_ENERGIA\" \/>\n<meta name=\"twitter:site\" content=\"@INDEREN_ENERGIA\" \/>\n<meta name=\"twitter:label1\" content=\"Escrito por\" \/>\n\t<meta name=\"twitter:data1\" content=\"Community Manager\" \/>\n\t<meta name=\"twitter:label2\" content=\"Tiempo de lectura\" \/>\n\t<meta name=\"twitter:data2\" content=\"9 minutos\" \/>\n<script type=\"application\/ld+json\" class=\"yoast-schema-graph\">{\"@context\":\"https:\\\/\\\/schema.org\",\"@graph\":[{\"@type\":\"Article\",\"@id\":\"https:\\\/\\\/inderen.es\\\/es\\\/paneles-solares-coche-electrico-tandem-perfecto\\\/#article\",\"isPartOf\":{\"@id\":\"https:\\\/\\\/inderen.es\\\/es\\\/paneles-solares-coche-electrico-tandem-perfecto\\\/\"},\"author\":{\"name\":\"Community Manager\",\"@id\":\"https:\\\/\\\/inderen.es\\\/es\\\/#\\\/schema\\\/person\\\/7b6c57ab892ad75f5a2286d5c66ec97c\"},\"headline\":\"Paneles solares para cargar tu coche el\u00e9ctrico: un t\u00e1ndem perfecto\",\"datePublished\":\"2023-04-04T06:41:05+00:00\",\"dateModified\":\"2023-04-04T07:08:25+00:00\",\"mainEntityOfPage\":{\"@id\":\"https:\\\/\\\/inderen.es\\\/es\\\/paneles-solares-coche-electrico-tandem-perfecto\\\/\"},\"wordCount\":2204,\"publisher\":{\"@id\":\"https:\\\/\\\/inderen.es\\\/es\\\/#organization\"},\"image\":{\"@id\":\"https:\\\/\\\/inderen.es\\\/es\\\/paneles-solares-coche-electrico-tandem-perfecto\\\/#primaryimage\"},\"thumbnailUrl\":\"https:\\\/\\\/inderen.es\\\/wp-content\\\/uploads\\\/2023\\\/04\\\/instalacion-de-puntos-de-recarga-INDEREN-03-edit-02.jpg\",\"articleSection\":[\"Fotovoltaica\",\"I+D+i\"],\"inLanguage\":\"es\"},{\"@type\":\"WebPage\",\"@id\":\"https:\\\/\\\/inderen.es\\\/es\\\/paneles-solares-coche-electrico-tandem-perfecto\\\/\",\"url\":\"https:\\\/\\\/inderen.es\\\/es\\\/paneles-solares-coche-electrico-tandem-perfecto\\\/\",\"name\":\"Paneles solares para cargar tu coche el\u00e9ctrico: un t\u00e1ndem perfecto\",\"isPartOf\":{\"@id\":\"https:\\\/\\\/inderen.es\\\/es\\\/#website\"},\"primaryImageOfPage\":{\"@id\":\"https:\\\/\\\/inderen.es\\\/es\\\/paneles-solares-coche-electrico-tandem-perfecto\\\/#primaryimage\"},\"image\":{\"@id\":\"https:\\\/\\\/inderen.es\\\/es\\\/paneles-solares-coche-electrico-tandem-perfecto\\\/#primaryimage\"},\"thumbnailUrl\":\"https:\\\/\\\/inderen.es\\\/wp-content\\\/uploads\\\/2023\\\/04\\\/instalacion-de-puntos-de-recarga-INDEREN-03-edit-02.jpg\",\"datePublished\":\"2023-04-04T06:41:05+00:00\",\"dateModified\":\"2023-04-04T07:08:25+00:00\",\"description\":\"Desde INDEREN estamos especializados en la instalaci\u00f3n de placas solares para cargar tu veh\u00edculo el\u00e9ctrico y creamos la alianza perfecta...\",\"breadcrumb\":{\"@id\":\"https:\\\/\\\/inderen.es\\\/es\\\/paneles-solares-coche-electrico-tandem-perfecto\\\/#breadcrumb\"},\"inLanguage\":\"es\",\"potentialAction\":[{\"@type\":\"ReadAction\",\"target\":[\"https:\\\/\\\/inderen.es\\\/es\\\/paneles-solares-coche-electrico-tandem-perfecto\\\/\"]}]},{\"@type\":\"ImageObject\",\"inLanguage\":\"es\",\"@id\":\"https:\\\/\\\/inderen.es\\\/es\\\/paneles-solares-coche-electrico-tandem-perfecto\\\/#primaryimage\",\"url\":\"https:\\\/\\\/inderen.es\\\/wp-content\\\/uploads\\\/2023\\\/04\\\/instalacion-de-puntos-de-recarga-INDEREN-03-edit-02.jpg\",\"contentUrl\":\"https:\\\/\\\/inderen.es\\\/wp-content\\\/uploads\\\/2023\\\/04\\\/instalacion-de-puntos-de-recarga-INDEREN-03-edit-02.jpg\",\"width\":1197,\"height\":529,\"caption\":\"instalaci\u00f3n de puntos de recarga INDEREN-03-edit-02\"},{\"@type\":\"BreadcrumbList\",\"@id\":\"https:\\\/\\\/inderen.es\\\/es\\\/paneles-solares-coche-electrico-tandem-perfecto\\\/#breadcrumb\",\"itemListElement\":[{\"@type\":\"ListItem\",\"position\":1,\"name\":\"Home\",\"item\":\"https:\\\/\\\/inderen.es\\\/es\\\/\"},{\"@type\":\"ListItem\",\"position\":2,\"name\":\"Paneles solares para cargar tu coche el\u00e9ctrico: un t\u00e1ndem perfecto\"}]},{\"@type\":\"WebSite\",\"@id\":\"https:\\\/\\\/inderen.es\\\/es\\\/#website\",\"url\":\"https:\\\/\\\/inderen.es\\\/es\\\/\",\"name\":\"INDEREN - Ingenier\u00eda y desarrollos renovables\",\"description\":\"Instaladores de energ\u00edas renovables. Ofrecemos un modelo energ\u00e9tico competitivo que proporcione rentabilidad econ\u00f3mica y valores sociales a nuestros clientes, tanto dom\u00e9sticos como industriales.\",\"publisher\":{\"@id\":\"https:\\\/\\\/inderen.es\\\/es\\\/#organization\"},\"potentialAction\":[{\"@type\":\"SearchAction\",\"target\":{\"@type\":\"EntryPoint\",\"urlTemplate\":\"https:\\\/\\\/inderen.es\\\/es\\\/?s={search_term_string}\"},\"query-input\":{\"@type\":\"PropertyValueSpecification\",\"valueRequired\":true,\"valueName\":\"search_term_string\"}}],\"inLanguage\":\"es\"},{\"@type\":\"Organization\",\"@id\":\"https:\\\/\\\/inderen.es\\\/es\\\/#organization\",\"name\":\"INDEREN (Ingenier\u00eda y desarrollos renovables, S.L.)\",\"url\":\"https:\\\/\\\/inderen.es\\\/es\\\/\",\"logo\":{\"@type\":\"ImageObject\",\"inLanguage\":\"es\",\"@id\":\"https:\\\/\\\/inderen.es\\\/es\\\/#\\\/schema\\\/logo\\\/image\\\/\",\"url\":\"https:\\\/\\\/inderen.es\\\/wp-content\\\/uploads\\\/2019\\\/04\\\/logo-inderen.jpg\",\"contentUrl\":\"https:\\\/\\\/inderen.es\\\/wp-content\\\/uploads\\\/2019\\\/04\\\/logo-inderen.jpg\",\"width\":591,\"height\":591,\"caption\":\"INDEREN (Ingenier\u00eda y desarrollos renovables, S.L.)\"},\"image\":{\"@id\":\"https:\\\/\\\/inderen.es\\\/es\\\/#\\\/schema\\\/logo\\\/image\\\/\"},\"sameAs\":[\"https:\\\/\\\/www.facebook.com\\\/INDEREN.ENERGIA\\\/\",\"https:\\\/\\\/x.com\\\/INDEREN_ENERGIA\",\"https:\\\/\\\/www.linkedin.com\\\/company\\\/inderen\\\/\"]},{\"@type\":\"Person\",\"@id\":\"https:\\\/\\\/inderen.es\\\/es\\\/#\\\/schema\\\/person\\\/7b6c57ab892ad75f5a2286d5c66ec97c\",\"name\":\"Community Manager\",\"image\":{\"@type\":\"ImageObject\",\"inLanguage\":\"es\",\"@id\":\"https:\\\/\\\/secure.gravatar.com\\\/avatar\\\/dbc52cf1ccca677d07cb5be43668a1a8f93c7e6383db293ea8d9cc3d21cf54bf?s=96&d=mm&r=g\",\"url\":\"https:\\\/\\\/secure.gravatar.com\\\/avatar\\\/dbc52cf1ccca677d07cb5be43668a1a8f93c7e6383db293ea8d9cc3d21cf54bf?s=96&d=mm&r=g\",\"contentUrl\":\"https:\\\/\\\/secure.gravatar.com\\\/avatar\\\/dbc52cf1ccca677d07cb5be43668a1a8f93c7e6383db293ea8d9cc3d21cf54bf?s=96&d=mm&r=g\",\"caption\":\"Community Manager\"},\"url\":\"https:\\\/\\\/inderen.es\\\/es\\\/author\\\/community-manager\\\/\"}]}<\/script>\n<!-- \/ Yoast SEO plugin. -->","yoast_head_json":{"title":"Paneles solares para cargar tu coche el\u00e9ctrico: un t\u00e1ndem perfecto","description":"Desde INDEREN estamos especializados en la instalaci\u00f3n de placas solares para cargar tu veh\u00edculo el\u00e9ctrico y creamos la alianza perfecta...","robots":{"index":"index","follow":"follow","max-snippet":"max-snippet:-1","max-image-preview":"max-image-preview:large","max-video-preview":"max-video-preview:-1"},"canonical":"https:\/\/inderen.es\/es\/paneles-solares-coche-electrico-tandem-perfecto\/","og_locale":"es_ES","og_type":"article","og_title":"Paneles solares para cargar tu coche el\u00e9ctrico: un t\u00e1ndem perfecto","og_description":"Desde INDEREN estamos especializados en la instalaci\u00f3n de placas solares para cargar tu veh\u00edculo el\u00e9ctrico y creamos la alianza perfecta...","og_url":"https:\/\/inderen.es\/es\/paneles-solares-coche-electrico-tandem-perfecto\/","og_site_name":"INDEREN (Ingenier\u00eda y desarrollos renovables, S.L.)","article_publisher":"https:\/\/www.facebook.com\/INDEREN.ENERGIA\/","article_published_time":"2023-04-04T06:41:05+00:00","article_modified_time":"2023-04-04T07:08:25+00:00","og_image":[{"width":1197,"height":529,"url":"https:\/\/inderen.es\/wp-content\/uploads\/2023\/04\/instalacion-de-puntos-de-recarga-INDEREN-03-edit-02.jpg","type":"image\/jpeg"}],"author":"Community Manager","twitter_card":"summary_large_image","twitter_creator":"@INDEREN_ENERGIA","twitter_site":"@INDEREN_ENERGIA","twitter_misc":{"Escrito por":"Community Manager","Tiempo de lectura":"9 minutos"},"schema":{"@context":"https:\/\/schema.org","@graph":[{"@type":"Article","@id":"https:\/\/inderen.es\/es\/paneles-solares-coche-electrico-tandem-perfecto\/#article","isPartOf":{"@id":"https:\/\/inderen.es\/es\/paneles-solares-coche-electrico-tandem-perfecto\/"},"author":{"name":"Community Manager","@id":"https:\/\/inderen.es\/es\/#\/schema\/person\/7b6c57ab892ad75f5a2286d5c66ec97c"},"headline":"Paneles solares para cargar tu coche el\u00e9ctrico: un t\u00e1ndem perfecto","datePublished":"2023-04-04T06:41:05+00:00","dateModified":"2023-04-04T07:08:25+00:00","mainEntityOfPage":{"@id":"https:\/\/inderen.es\/es\/paneles-solares-coche-electrico-tandem-perfecto\/"},"wordCount":2204,"publisher":{"@id":"https:\/\/inderen.es\/es\/#organization"},"image":{"@id":"https:\/\/inderen.es\/es\/paneles-solares-coche-electrico-tandem-perfecto\/#primaryimage"},"thumbnailUrl":"https:\/\/inderen.es\/wp-content\/uploads\/2023\/04\/instalacion-de-puntos-de-recarga-INDEREN-03-edit-02.jpg","articleSection":["Fotovoltaica","I+D+i"],"inLanguage":"es"},{"@type":"WebPage","@id":"https:\/\/inderen.es\/es\/paneles-solares-coche-electrico-tandem-perfecto\/","url":"https:\/\/inderen.es\/es\/paneles-solares-coche-electrico-tandem-perfecto\/","name":"Paneles solares para cargar tu coche el\u00e9ctrico: un t\u00e1ndem perfecto","isPartOf":{"@id":"https:\/\/inderen.es\/es\/#website"},"primaryImageOfPage":{"@id":"https:\/\/inderen.es\/es\/paneles-solares-coche-electrico-tandem-perfecto\/#primaryimage"},"image":{"@id":"https:\/\/inderen.es\/es\/paneles-solares-coche-electrico-tandem-perfecto\/#primaryimage"},"thumbnailUrl":"https:\/\/inderen.es\/wp-content\/uploads\/2023\/04\/instalacion-de-puntos-de-recarga-INDEREN-03-edit-02.jpg","datePublished":"2023-04-04T06:41:05+00:00","dateModified":"2023-04-04T07:08:25+00:00","description":"Desde INDEREN estamos especializados en la instalaci\u00f3n de placas solares para cargar tu veh\u00edculo el\u00e9ctrico y creamos la alianza perfecta...","breadcrumb":{"@id":"https:\/\/inderen.es\/es\/paneles-solares-coche-electrico-tandem-perfecto\/#breadcrumb"},"inLanguage":"es","potentialAction":[{"@type":"ReadAction","target":["https:\/\/inderen.es\/es\/paneles-solares-coche-electrico-tandem-perfecto\/"]}]},{"@type":"ImageObject","inLanguage":"es","@id":"https:\/\/inderen.es\/es\/paneles-solares-coche-electrico-tandem-perfecto\/#primaryimage","url":"https:\/\/inderen.es\/wp-content\/uploads\/2023\/04\/instalacion-de-puntos-de-recarga-INDEREN-03-edit-02.jpg","contentUrl":"https:\/\/inderen.es\/wp-content\/uploads\/2023\/04\/instalacion-de-puntos-de-recarga-INDEREN-03-edit-02.jpg","width":1197,"height":529,"caption":"instalaci\u00f3n de puntos de recarga INDEREN-03-edit-02"},{"@type":"BreadcrumbList","@id":"https:\/\/inderen.es\/es\/paneles-solares-coche-electrico-tandem-perfecto\/#breadcrumb","itemListElement":[{"@type":"ListItem","position":1,"name":"Home","item":"https:\/\/inderen.es\/es\/"},{"@type":"ListItem","position":2,"name":"Paneles solares para cargar tu coche el\u00e9ctrico: un t\u00e1ndem perfecto"}]},{"@type":"WebSite","@id":"https:\/\/inderen.es\/es\/#website","url":"https:\/\/inderen.es\/es\/","name":"INDEREN - Ingenier\u00eda y desarrollos renovables","description":"Instaladores de energ\u00edas renovables. Ofrecemos un modelo energ\u00e9tico competitivo que proporcione rentabilidad econ\u00f3mica y valores sociales a nuestros clientes, tanto dom\u00e9sticos como industriales.","publisher":{"@id":"https:\/\/inderen.es\/es\/#organization"},"potentialAction":[{"@type":"SearchAction","target":{"@type":"EntryPoint","urlTemplate":"https:\/\/inderen.es\/es\/?s={search_term_string}"},"query-input":{"@type":"PropertyValueSpecification","valueRequired":true,"valueName":"search_term_string"}}],"inLanguage":"es"},{"@type":"Organization","@id":"https:\/\/inderen.es\/es\/#organization","name":"INDEREN (Ingenier\u00eda y desarrollos renovables, S.L.)","url":"https:\/\/inderen.es\/es\/","logo":{"@type":"ImageObject","inLanguage":"es","@id":"https:\/\/inderen.es\/es\/#\/schema\/logo\/image\/","url":"https:\/\/inderen.es\/wp-content\/uploads\/2019\/04\/logo-inderen.jpg","contentUrl":"https:\/\/inderen.es\/wp-content\/uploads\/2019\/04\/logo-inderen.jpg","width":591,"height":591,"caption":"INDEREN (Ingenier\u00eda y desarrollos renovables, S.L.)"},"image":{"@id":"https:\/\/inderen.es\/es\/#\/schema\/logo\/image\/"},"sameAs":["https:\/\/www.facebook.com\/INDEREN.ENERGIA\/","https:\/\/x.com\/INDEREN_ENERGIA","https:\/\/www.linkedin.com\/company\/inderen\/"]},{"@type":"Person","@id":"https:\/\/inderen.es\/es\/#\/schema\/person\/7b6c57ab892ad75f5a2286d5c66ec97c","name":"Community Manager","image":{"@type":"ImageObject","inLanguage":"es","@id":"https:\/\/secure.gravatar.com\/avatar\/dbc52cf1ccca677d07cb5be43668a1a8f93c7e6383db293ea8d9cc3d21cf54bf?s=96&d=mm&r=g","url":"https:\/\/secure.gravatar.com\/avatar\/dbc52cf1ccca677d07cb5be43668a1a8f93c7e6383db293ea8d9cc3d21cf54bf?s=96&d=mm&r=g","contentUrl":"https:\/\/secure.gravatar.com\/avatar\/dbc52cf1ccca677d07cb5be43668a1a8f93c7e6383db293ea8d9cc3d21cf54bf?s=96&d=mm&r=g","caption":"Community Manager"},"url":"https:\/\/inderen.es\/es\/author\/community-manager\/"}]}},"_links":{"self":[{"href":"https:\/\/inderen.es\/es\/wp-json\/wp\/v2\/posts\/13627","targetHints":{"allow":["GET"]}}],"collection":[{"href":"https:\/\/inderen.es\/es\/wp-json\/wp\/v2\/posts"}],"about":[{"href":"https:\/\/inderen.es\/es\/wp-json\/wp\/v2\/types\/post"}],"author":[{"embeddable":true,"href":"https:\/\/inderen.es\/es\/wp-json\/wp\/v2\/users\/4"}],"replies":[{"embeddable":true,"href":"https:\/\/inderen.es\/es\/wp-json\/wp\/v2\/comments?post=13627"}],"version-history":[{"count":31,"href":"https:\/\/inderen.es\/es\/wp-json\/wp\/v2\/posts\/13627\/revisions"}],"predecessor-version":[{"id":13682,"href":"https:\/\/inderen.es\/es\/wp-json\/wp\/v2\/posts\/13627\/revisions\/13682"}],"wp:featuredmedia":[{"embeddable":true,"href":"https:\/\/inderen.es\/es\/wp-json\/wp\/v2\/media\/13628"}],"wp:attachment":[{"href":"https:\/\/inderen.es\/es\/wp-json\/wp\/v2\/media?parent=13627"}],"wp:term":[{"taxonomy":"category","embeddable":true,"href":"https:\/\/inderen.es\/es\/wp-json\/wp\/v2\/categories?post=13627"},{"taxonomy":"post_tag","embeddable":true,"href":"https:\/\/inderen.es\/es\/wp-json\/wp\/v2\/tags?post=13627"}],"curies":[{"name":"wp","href":"https:\/\/api.w.org\/{rel}","templated":true}]}}