{"id":16096,"date":"2025-09-25T15:53:20","date_gmt":"2025-09-25T13:53:20","guid":{"rendered":"https:\/\/inderen.es\/?p=16096"},"modified":"2025-09-25T17:27:40","modified_gmt":"2025-09-25T15:27:40","slug":"solarwine-completa-puesta-en-marcha-dos-instalaciones-piloto-integran-energia-solar-viticultura-4","status":"publish","type":"post","link":"https:\/\/inderen.es\/es\/solarwine-completa-puesta-en-marcha-dos-instalaciones-piloto-integran-energia-solar-viticultura-4\/","title":{"rendered":"SOLARWINE completa la puesta en marcha de dos instalaciones piloto que integran energ\u00eda solar y viticultura 4.0"},"content":{"rendered":"<div>\n<p class=\"ymstyleespacioblanco\">\n<\/div>\n<div class=\"ymstylelistpad\">\n<ul class=\"ymstyleul3\">\n<li>SOLARWINE ya cuenta con sus dos plantas piloto llegando casi a los 2.000 m\u00b2 en busca de la producci\u00f3n sostenible y clim\u00e1ticamente inteligente en el sector.<\/li>\n<li>Se han instalado paneles fotovoltaicos elevados (opacos y bifaciales semitransparentes) que permiten vendimia mecanizada.<\/li>\n<li>La red de sensores ed\u00e1ficos y clim\u00e1ticos posibilita evaluar el efecto del sombreado sobre la productividad vit\u00edcola, el microclima y la eficiencia energ\u00e9tica.<\/li>\n<\/ul>\n<\/div>\n<div>\n<p class=\"ymstyleespacioblanco\">\n<\/div>\n<div class=\"ymstyleblack\"><span class=\"ymstylespanbold01\">Madrid, 24 de septiembre de 2025<\/span> \u2013 El Grupo Operativo <a class=\"ymcolor01enlace01\" href=\"https:\/\/solarwine.es\/\" target=\"_blank\" rel=\"noopener noreferrer\">SOLARWINE<\/a> ha concluido la instalaci\u00f3n de <span class=\"ymstylespanbold01\">dos plantas piloto agrovoltaicas que suman cerca de 2.000 m\u00b2 de superficie experimental<\/span>. Estas instalaciones permitir\u00e1n validar la viabilidad t\u00e9cnica y econ\u00f3mica de integrar agricultura y energ\u00eda fotovoltaica, evaluando sus efectos microclim\u00e1ticos y su impacto en la productividad y resiliencia del vi\u00f1edo frente al aumento de temperaturas.<\/div>\n<div>\n<p class=\"ymstyleespacioblanco\">\n<\/div>\n<div class=\"ymstyleblack\">La primera planta se ha instalado sobre el <span class=\"ymstylespanbold01\">vi\u00f1edo ecol\u00f3gico Mas Rabell<\/span> de <a class=\"ymcolor01enlace01\" href=\"https:\/\/www.torres.es\/\" target=\"_blank\" rel=\"noopener noreferrer\">Familia Torres<\/a>, situado en Sant Mart\u00ed Sarroca (Pened\u00e8s, Barcelona) y cuenta con una superficie de <span class=\"ymstylespanbold01\">1.000 m\u00b2<\/span>. La segunda cuenta con <span class=\"ymstylespanbold01\">m\u00e1s de 900 m\u00b2<\/span> y se ha instalado sobre los <span class=\"ymstylespanbold01\">vi\u00f1edos ecol\u00f3gicos de la variedad Bobal<\/span> de <a class=\"ymcolor01enlace01\" href=\"https:\/\/www.tornasolfotovoltaica.com\/\" target=\"_blank\" rel=\"noopener noreferrer\">Huerto Tornasol<\/a> en la localidad de Fuentealbilla (Albacete).<\/div>\n<div>\n<p class=\"ymstyleespacioblanco\">\n<\/div>\n<p class=\"ymstyleimagepad\"><img decoding=\"async\" class=\"img-fluid aligncenter\" src=\"https:\/\/inderen.es\/wp-content\/uploads\/2025\/09\/SolarWine_RRSS_Septiembre2025_Slide2.2-1-edit-small.jpg\" alt=\"SolarWine_RRSS_Septiembre2025_Slide2.2 1-edit\" \/><\/p>\n<div>\n<p class=\"ymstyleespacioblanco\">\n<\/div>\n<div class=\"ymstyleblack\">Estas dos plantas piloto, ubicadas en regiones con condiciones clim\u00e1ticas diferentes, ponen en valor la colaboraci\u00f3n interregional y el intercambio de resultados. Adem\u00e1s, permitir\u00e1n obtener conclusiones m\u00e1s s\u00f3lidas y fiables, al considerar distintas variables clim\u00e1ticas que pueden influir en el impacto del agrovolta\u00edsmo sobre la vid.<\/div>\n<div>\n<p class=\"ymstyleespacioblanco\">\n<\/div>\n<div class=\"ymstyleblack\">Para su ejecuci\u00f3n, <a class=\"ymcolor01enlace01\" href=\"https:\/\/solarwine.es\/\" target=\"_blank\" rel=\"noopener noreferrer\">SOLARWINE<\/a> cuenta con un presupuesto de 706.696,55\u20ac y ha recibido una financiaci\u00f3n de 599.938,89\u20ac., en el marco del Plan Estrat\u00e9gico de la Pol\u00edtica Agr\u00edcola Com\u00fan (PAC) 2023-2027, financiado por el <a class=\"ymcolor01enlace01\" href=\"https:\/\/www.mapa.gob.es\/es\/\" target=\"_blank\" rel=\"noopener noreferrer\">Ministerio de Agricultura, Pesca y Alimentacio\u0301n (MAPA)<\/a> y el <a class=\"ymcolor01enlace01\" href=\"https:\/\/www.fondoseuropeos.hacienda.gob.es\/sitios\/dgfc\/es-ES\/paginas\/feader.aspx\" target=\"_blank\" rel=\"noopener noreferrer\">Fondo Europeo Agri\u0301cola de Desarrollo Rural (FEADER)<\/a>.<\/div>\n<div>\n<p class=\"ymstyleespacioblanco\">\n<\/div>\n<h2 class=\"ymstyleh203\">Caracter\u00edsticas y beneficios de los pilotos<\/h2>\n<div class=\"ymstyleblack\">A nivel t\u00e9cnico, las plantas piloto consisten en una estructura de paneles solares elevados a 5 metros de altura, posibilitando el paso de maquinaria bajo la cubierta de paneles solares y facilitando la automatizaci\u00f3n de la vendimia, aspecto pionero de este proyecto. Adem\u00e1s, para evaluar comparativamente su efecto sobre el desarrollo del cultivo y su rendimiento energ\u00e9tico, se han instalado <span class=\"ymstylespanbold01\">dos tipos de m\u00f3dulos solares: opacas y semitransparentes bifaciales<\/span>, y dos escenarios de densidad, obteniendo as\u00ed diferentes escenarios de densidad de paneles que permitir\u00e1n analizar el impacto de diferentes de sombreados en las vides.<\/div>\n<div>\n<p class=\"ymstyleespacioblanco\">\n<\/div>\n<div class=\"ymstyleblack\">Otro aspecto relevante sobre los pilotos es que cuentan con una <span class=\"ymstylespanbold01\">red de sensores de par\u00e1metros ed\u00e1ficos y clim\u00e1ticos<\/span> que permitir\u00e1 monitorizar y validar aspectos agron\u00f3micos y energ\u00e9ticos asociados a los diferentes escenarios. Este sistema de monitorizaci\u00f3n proporcionar\u00e1 datos clave para evaluar el impacto de la agrovoltaica en el desarrollo del vi\u00f1edo y en la eficiencia de la producci\u00f3n energ\u00e9tica, contribuyendo a la toma de decisiones fundamentadas y a la optimizaci\u00f3n de los recursos.<\/div>\n<div>\n<p class=\"ymstyleespacioblanco\">\n<\/div>\n<p class=\"ymstyleimagepad\"><img decoding=\"async\" class=\"img-fluid aligncenter\" src=\"https:\/\/inderen.es\/wp-content\/uploads\/2025\/09\/SolarWine_RRSS_Septiembre2025_Slide3.2-1-edit-small.jpg\" alt=\"SolarWine_RRSS_Septiembre2025_Slide1.2 1-edit\" \/><\/p>\n<div>\n<p class=\"ymstyleespacioblanco\">\n<\/div>\n<h2 class=\"ymstyleh203\">M\u00e1s sobre SOLARWINE<\/h2>\n<div class=\"ymstyleblack\"><a class=\"ymcolor01enlace01\" href=\"https:\/\/solarwine.es\/\" target=\"_blank\" rel=\"noopener noreferrer\">SOLARWINE<\/a> (cuyo t\u00edtulo completo es \u00abNuevos sistemas agrovoltaicos para la producci\u00f3n inteligente y sostenible de la vid\u00bb) cuenta con un presupuesto de 706.696,55\u20ac y ha recibido 599.938,89\u20ac en el marco del Plan Estrat\u00e9gico de la Pol\u00edtica Agr\u00edcola Com\u00fan (PAC) 2023-2027, cofinanciado por el <a class=\"ymcolor01enlace01\" href=\"https:\/\/www.mapa.gob.es\/es\/\" target=\"_blank\" rel=\"noopener noreferrer\">Ministerio de Agricultura, Pesca y Alimentacio\u0301n (MAPA)<\/a> y el <a class=\"ymcolor01enlace01\" href=\"https:\/\/www.fondoseuropeos.hacienda.gob.es\/sitios\/dgfc\/es-ES\/paginas\/feader.aspx\" target=\"_blank\" rel=\"noopener noreferrer\">Fondo Europeo Agri\u0301cola de Desarrollo Rural (FEADER)<\/a>.<\/div>\n<div>\n<p class=\"ymstyleespacioblanco\">\n<\/div>\n<div class=\"ymstyleblack\">Este Grupo Operativo est\u00e1 liderado por el Cl\u00faster Vitivin\u00edcola Catal\u00e0, <a class=\"ymcolor01enlace01\" href=\"https:\/\/www.innovi.cat\/\" target=\"_blank\" rel=\"noopener noreferrer\">INNOVI<\/a>, y cuenta con la participaci\u00f3n  de la bodega <a class=\"ymcolor01enlace01\" href=\"https:\/\/www.torres.es\/\" target=\"_blank\" rel=\"noopener noreferrer\">Familia Torres<\/a>, la empresa <a class=\"ymcolor01enlace01\" href=\"https:\/\/www.tornasolfotovoltaica.com\/\" target=\"_blank\" rel=\"noopener noreferrer\">Huerto Tornasol<\/a>, y el <a class=\"ymcolor01enlace01\" href=\"https:\/\/www.clusterenergiacv.com\/\" target=\"_blank\" rel=\"noopener noreferrer\">Cl\u00faster de la Energ\u00eda de la Comunitat Valenciana (CECV)<\/a>. Adem\u00e1s, estas cuatro entidades cuentan con el apoyo de la pyme tecnol\u00f3gica, <a class=\"ymcolor01enlace01\" href=\"https:\/\/inderen.es\/es\/\" target=\"_blank\" rel=\"noopener noreferrer\">INDEREN<\/a>, que aporta su experiencia en soluciones tecnol\u00f3gicas avanzadas, la asociaci\u00f3n vitivin\u00edcola <a class=\"ymcolor01enlace01\" href=\"https:\/\/www.ptvino.com\/es\/inicio\/\" target=\"_blank\" rel=\"noopener noreferrer\">Plataforma Tecnol\u00f3gica del Vino (PTV)<\/a> y <a class=\"ymcolor01enlace01\" href=\"https:\/\/www.galamedia.cat\/\" target=\"_blank\" rel=\"noopener noreferrer\">Gala Media<\/a>, que aportan su experiencia y conocimiento del sector vitivin\u00edcola para asegurar la comunicaci\u00f3n e informaci\u00f3n en el mismo, el <a class=\"ymcolor01enlace01\" href=\"https:\/\/incavi.gencat.cat\/ca\/inici\" target=\"_blank\" rel=\"noopener noreferrer\">Instituto Catal\u00e1n de la Vi\u00f1a y el Vino (INCAVI)<\/a>, como organismo p\u00fablico de investigaci\u00f3n que lidera el conocimiento cient\u00edfico, y <a class=\"ymcolor01enlace01\" href=\"https:\/\/www.articai.es\/\" target=\"_blank\" rel=\"noopener noreferrer\">Artica Ingenier\u00eda e Innovaci\u00f3n (artica+i)<\/a> que act\u00faa como oficina t\u00e9cnica del proyecto.<\/div>\n<div>\n<p class=\"ymstyleespacioblanco\">\n<\/div>\n<p class=\"ymstyleimagepad\"><img decoding=\"async\" class=\"img-fluid aligncenter\" src=\"https:\/\/inderen.es\/wp-content\/uploads\/2025\/02\/NdP_SOLARWINE.png\" alt=\"NdP_SOLARWINE\" \/><\/p>\n<div>\n<p class=\"ymstyleespacioblanco\">\n<\/div>\n<p class=\"ymstyleimagepad\"><img decoding=\"async\" class=\"img-fluid aligncenter\" src=\"https:\/\/inderen.es\/wp-content\/uploads\/2025\/09\/SolarWine_RRSS_Septiembre2025_Slide2.2-1-small.jpg\" alt=\"SolarWine_RRSS_Septiembre2025_Slide2.2 1\" \/><\/p>\n<div>\n<p class=\"ymstyleespacioblanco\">\n<\/div>\n<div>\n<p class=\"ymstyleespacioblanco\">\n<\/div>\n<div class=\"ymstyleblack\"><span class=\"ymstylespanbold01\">Compartir este art\u00edculo en las Redes Sociales: <\/span><!-- Simple Share Buttons Adder (8.5.4) simplesharebuttons.com --><div class=\"ssba-modern-2 ssba ssbp-wrap aligncenter ssbp--theme-1\"><div style=\"text-align:center\"><ul class=\"ssbp-list\"><li class='ssbp-li--linkedin'><a data-site=\"linkedin\" class=\"ssba_linkedin_share ssba_share_link ssbp-linkedin ssbp-btn\" href=\"https:\/\/www.linkedin.com\/shareArticle?title=SOLARWINE completa la puesta en marcha de dos instalaciones piloto que integran energ\u00eda solar y viticultura 4.0&url=https:\/\/inderen.es\/es\/wp-json\/wp\/v2\/posts\/16096\"  target=_blank  style=\"color:#0077b5; background-color: #0077b5; height: 48px; width: 48px; \" ><span><svg xmlns=\"http:\/\/www.w3.org\/2000\/svg\" fill=\"#fff\" preserveAspectRatio=\"xMidYMid meet\" height=\"1em\" width=\"1em\" viewBox=\"0 0 40 40\">\n  <g>\n    <path d=\"m13.3 31.7h-5v-16.7h5v16.7z m18.4 0h-5v-8.9c0-2.4-0.9-3.5-2.5-3.5-1.3 0-2.1 0.6-2.5 1.9v10.5h-5s0-15 0-16.7h3.9l0.3 3.3h0.1c1-1.6 2.7-2.8 4.9-2.8 1.7 0 3.1 0.5 4.2 1.7 1 1.2 1.6 2.8 1.6 5.1v9.4z m-18.3-20.9c0 1.4-1.1 2.5-2.6 2.5s-2.5-1.1-2.5-2.5 1.1-2.5 2.5-2.5 2.6 1.2 2.6 2.5z\"><\/path>\n  <\/g>\n<\/svg>\n\n<\/span><span class=\"color-icon\"><svg xmlns=\"http:\/\/www.w3.org\/2000\/svg\" xmlns:xlink=\"http:\/\/www.w3.org\/1999\/xlink\" width=\"50px\" height=\"50px\" viewBox=\"0 0 50 50\" version=\"1.1\">\n<g id=\"surface97807\">\n<path style=\" stroke:none;fill-rule:nonzero;fill:rgb(0%,46.666667%,70.980392%);fill-opacity:1;\" d=\"M 8 3.007812 C 4.53125 3.007812 2.007812 5.089844 2.007812 7.949219 C 2.007812 10.820312 4.589844 12.988281 8 12.988281 C 11.46875 12.988281 13.988281 10.871094 13.988281 7.890625 C 13.832031 5.019531 11.359375 3.007812 8 3.007812 Z M 3 15 C 2.449219 15 2 15.449219 2 16 L 2 45 C 2 45.550781 2.449219 46 3 46 L 13 46 C 13.550781 46 14 45.550781 14 45 L 14 16 C 14 15.449219 13.550781 15 13 15 Z M 18 15 C 17.449219 15 17 15.449219 17 16 L 17 45 C 17 45.550781 17.449219 46 18 46 L 27 46 C 27.550781 46 28 45.550781 28 45 L 28 29.5 C 28 27.128906 29.820312 25.199219 32.140625 25.019531 C 32.261719 25 32.378906 25 32.5 25 C 32.621094 25 32.738281 25 32.859375 25.019531 C 35.179688 25.199219 37 27.128906 37 29.5 L 37 45 C 37 45.550781 37.449219 46 38 46 L 47 46 C 47.550781 46 48 45.550781 48 45 L 48 28 C 48 21.53125 44.527344 15 36.789062 15 C 33.269531 15 30.609375 16.359375 29 17.488281 L 29 16 C 29 15.449219 28.550781 15 28 15 Z M 18 15 \"\/>\n<\/g>\n<\/svg>\n<\/span><div title=\"Linkedin\" class=\"ssbp-text\">Linkedin<\/div><\/a><\/li><li class='ssbp-li--facebook'><a data-site=\"facebook\" class=\"ssba_facebook_share ssba_share_link ssbp-facebook ssbp-btn\" href=\"https:\/\/www.facebook.com\/sharer.php?t=SOLARWINE completa la puesta en marcha de dos instalaciones piloto que integran energ\u00eda solar y viticultura 4.0&u=https:\/\/inderen.es\/es\/wp-json\/wp\/v2\/posts\/16096\"  target=_blank  style=\"color:#4267B2; background-color: #4267B2; height: 48px; width: 48px; \" ><span><svg xmlns=\"http:\/\/www.w3.org\/2000\/svg\" fill=\"#fff\" preserveAspectRatio=\"xMidYMid meet\" height=\"1em\" width=\"1em\" viewBox=\"0 0 40 40\">\n  <g>\n    <path d=\"m21.7 16.7h5v5h-5v11.6h-5v-11.6h-5v-5h5v-2.1c0-2 0.6-4.5 1.8-5.9 1.3-1.3 2.8-2 4.7-2h3.5v5h-3.5c-0.9 0-1.5 0.6-1.5 1.5v3.5z\"><\/path>\n  <\/g>\n<\/svg>\n\n<\/span><span class=\"color-icon\"><svg xmlns=\"http:\/\/www.w3.org\/2000\/svg\" width=\"16\" height=\"28\" viewBox=\"0 0 16 28\">\n  <path fill=\"#3B5998\" d=\"M10.7,10.7 L15.7,10.7 L15.7,15.7 L10.7,15.7 L10.7,27.3 L5.7,27.3 L5.7,15.7 L0.7,15.7 L0.7,10.7 L5.7,10.7 L5.7,8.6 C5.7,6.6 6.3,4.1 7.5,2.7 C8.8,1.4 10.3,0.7 12.2,0.7 L15.7,0.7 L15.7,5.7 L12.2,5.7 C11.3,5.7 10.7,6.3 10.7,7.2 L10.7,10.7 Z\"\/>\n<\/svg>\n<\/span><div title=\"Facebook\" class=\"ssbp-text\">Facebook<\/div><\/a><\/li><li class='ssbp-li--twitter'><a data-site=\"twitter\" class=\"ssba_twitter_share ssba_share_link ssbp-twitter ssbp-btn\" href=\"https:\/\/twitter.com\/intent\/tweet?text=SOLARWINE completa la puesta en marcha de dos instalaciones piloto que integran energ\u00eda solar y viticultura 4.0&url=https:\/\/inderen.es\/es\/wp-json\/wp\/v2\/posts\/16096&via=\"  target=_blank  style=\"color:#000000; background-color: #000000; height: 48px; width: 48px; \" ><span><svg width=\"25\" height=\"25\" viewBox=\"0 0 25 25\" fill=\"none\" xmlns=\"http:\/\/www.w3.org\/2000\/svg\">\n    <rect width=\"25\" height=\"25\" \/>\n    <path d=\"M14.4821 11.6218L21.0389 4H19.4852L13.7919 10.6179L9.24467 4H4L10.8763 14.0074L4 22H5.55385L11.5661 15.0113L16.3683 22H21.613L14.4821 11.6218ZM6.11371 5.16972H8.50031L19.4859 20.8835H17.0993L6.11371 5.16972Z\" fill=\"white\"\/>\n<\/svg>\n<\/span><span class=\"color-icon\"><svg width=\"25\" height=\"25\" viewBox=\"0 0 25 25\" fill=\"none\" xmlns=\"http:\/\/www.w3.org\/2000\/svg\">\n\t<rect width=\"25\" height=\"25\" \/>\n\t<path d=\"M14.4821 11.6218L21.0389 4H19.4852L13.7919 10.6179L9.24467 4H4L10.8763 14.0074L4 22H5.55385L11.5661 15.0113L16.3683 22H21.613L14.4821 11.6218ZM6.11371 5.16972H8.50031L19.4859 20.8835H17.0993L6.11371 5.16972Z\" fill=\"#000000\"\/>\n<\/svg>\n<\/span><div title=\"Twitter\" class=\"ssbp-text\">Twitter<\/div><\/a><\/li><li class='ssbp-li--pinterest'><a data-site=\"pinterest\" class=\"ssba_pinterest_share ssba_share_link ssbp-pinterest ssbp-btn\" href=\"https:\/\/pinterest.com\/pin\/create\/button\/?description=SOLARWINE completa la puesta en marcha de dos instalaciones piloto que integran energ\u00eda solar y viticultura 4.0&media=&url=https:\/\/inderen.es\/es\/wp-json\/wp\/v2\/posts\/16096\"  target=_blank  style=\"color:#CB2027; background-color: #CB2027; height: 48px; width: 48px; \" ><span><svg xmlns=\"http:\/\/www.w3.org\/2000\/svg\" fill=\"#fff\" preserveAspectRatio=\"xMidYMid meet\" height=\"1em\" width=\"1em\" viewBox=\"0 0 40 40\">\n  <g>\n    <path d=\"m37.3 20q0 4.7-2.3 8.6t-6.3 6.2-8.6 2.3q-2.4 0-4.8-0.7 1.3-2 1.7-3.6 0.2-0.8 1.2-4.7 0.5 0.8 1.7 1.5t2.5 0.6q2.7 0 4.8-1.5t3.3-4.2 1.2-6.1q0-2.5-1.4-4.7t-3.8-3.7-5.7-1.4q-2.4 0-4.4 0.7t-3.4 1.7-2.5 2.4-1.5 2.9-0.4 3q0 2.4 0.8 4.1t2.7 2.5q0.6 0.3 0.8-0.5 0.1-0.1 0.2-0.6t0.2-0.7q0.1-0.5-0.3-1-1.1-1.3-1.1-3.3 0-3.4 2.3-5.8t6.1-2.5q3.4 0 5.3 1.9t1.9 4.7q0 3.8-1.6 6.5t-3.9 2.6q-1.3 0-2.2-0.9t-0.5-2.4q0.2-0.8 0.6-2.1t0.7-2.3 0.2-1.6q0-1.2-0.6-1.9t-1.7-0.7q-1.4 0-2.3 1.2t-1 3.2q0 1.6 0.6 2.7l-2.2 9.4q-0.4 1.5-0.3 3.9-4.6-2-7.5-6.3t-2.8-9.4q0-4.7 2.3-8.6t6.2-6.2 8.6-2.3 8.6 2.3 6.3 6.2 2.3 8.6z\"><\/path>\n  <\/g>\n<\/svg>\n\n<\/span><span class=\"color-icon\"><svg xmlns=\"http:\/\/www.w3.org\/2000\/svg\" width=\"35\" height=\"36\" viewBox=\"0 0 35 36\">\n  <path fill=\"#CB2027\" d=\"M35.3,18 C35.3,21.1333333 34.5333333,24 33,26.6 C31.4666667,29.2 29.3666667,31.2666667 26.7,32.8 C24.0333333,34.3333333 21.1666667,35.1 18.1,35.1 C16.5,35.1 14.9,34.8666667 13.3,34.4 C14.1666667,33.0666667 14.7333333,31.8666667 15,30.8 C15.1333333,30.2666667 15.5333333,28.7 16.2,26.1 C16.5333333,26.6333333 17.1,27.1333333 17.9,27.6 C18.7,28.0666667 19.5333333,28.2666667 20.4,28.2 C22.2,28.2 23.8,27.7 25.2,26.7 C26.6,25.7 27.7,24.3 28.5,22.5 C29.3,20.7 29.7,18.6666667 29.7,16.4 C29.7,14.7333333 29.2333333,13.1666667 28.3,11.7 C27.3666667,10.2333333 26.1,9 24.5,8 C22.9,7 21,6.53333333 18.8,6.6 C17.2,6.6 15.7333333,6.83333333 14.4,7.3 C13.0666667,7.76666667 11.9333333,8.33333333 11,9 C10.0666667,9.66666667 9.23333333,10.4666667 8.5,11.4 C7.76666667,12.3333333 7.26666667,13.3 7,14.3 C6.73333333,15.3 6.6,16.3 6.6,17.3 C6.6,18.9 6.86666667,20.2666667 7.4,21.4 C7.93333333,22.5333333 8.83333333,23.3666667 10.1,23.9 C10.5,24.1 10.7666667,23.9333333 10.9,23.4 C10.9666667,23.3333333 11.0333333,23.1333333 11.1,22.8 C11.1666667,22.4666667 11.2333333,22.2333333 11.3,22.1 C11.3666667,21.7666667 11.2666667,21.4333333 11,21.1 C10.2666667,20.2333333 9.9,19.1333333 9.9,17.8 C9.9,15.5333333 10.6666667,13.6 12.2,12 C13.7333333,10.4 15.7666667,9.56666667 18.3,9.5 C20.5666667,9.5 22.3333333,10.1333333 23.6,11.4 C24.8666667,12.6666667 25.5,14.2333333 25.5,16.1 C25.5,18.6333333 24.9666667,20.8 23.9,22.6 C22.8333333,24.4 21.5333333,25.2666667 20,25.2 C19.1333333,25.2 18.4,24.9 17.8,24.3 C17.2,23.7 17.0333333,22.9 17.3,21.9 C17.4333333,21.3666667 17.6333333,20.6666667 17.9,19.8 C18.1666667,18.9333333 18.4,18.1666667 18.6,17.5 C18.8,16.8333333 18.8666667,16.3 18.8,15.9 C18.8,15.1 18.6,14.4666667 18.2,14 C17.8,13.5333333 17.2333333,13.3 16.5,13.3 C15.5666667,13.3 14.8,13.7 14.2,14.5 C13.6,15.3 13.2666667,16.3666667 13.2,17.7 C13.2,18.7666667 13.4,19.6666667 13.8,20.4 L11.6,29.8 C11.3333333,30.8 11.2333333,32.1 11.3,33.7 C8.23333333,32.3666667 5.73333333,30.2666667 3.8,27.4 C1.86666667,24.5333333 0.933333333,21.4 1,18 C1,14.8666667 1.76666667,12 3.3,9.4 C4.83333333,6.8 6.9,4.73333333 9.5,3.2 C12.1,1.66666667 14.9666667,0.9 18.1,0.9 C21.2333333,0.9 24.1,1.66666667 26.7,3.2 C29.3,4.73333333 31.4,6.8 33,9.4 C34.6,12 35.3666667,14.8666667 35.3,18 Z\" transform=\"translate(-1)\"\/>\n<\/svg>\n<\/span><div title=\"Pinterest\" class=\"ssbp-text\">Pinterest<\/div><\/a><\/li><\/ul><\/div><\/div><\/div>\n<div>\n<p class=\"ymstyleespacioblanco\">\n<\/div>\n<div>\n<p class=\"ymstyleespacioblanco\">\n<\/div>\n","protected":false},"excerpt":{"rendered":"<p>SOLARWINE ya cuenta con sus dos plantas piloto llegando casi a los 2.000 m\u00b2 en busca de la producci\u00f3n sostenible y clim\u00e1ticamente inteligente en el sector. <\/p>\n","protected":false},"author":4,"featured_media":16097,"comment_status":"closed","ping_status":"open","sticky":false,"template":"","format":"standard","meta":{"_monsterinsights_skip_tracking":false,"_monsterinsights_sitenote_active":false,"_monsterinsights_sitenote_note":"","_monsterinsights_sitenote_category":0,"footnotes":""},"categories":[67,28,22],"tags":[],"class_list":["post-16096","post","type-post","status-publish","format-standard","has-post-thumbnail","hentry","category-fotovoltaica","category-inderen-biogas-une-166002-idi-investigacion-desarrollo-e-innovacion","category-plantas-piloto"],"yoast_head":"<!-- This site is optimized with the Yoast SEO plugin v27.5 - https:\/\/yoast.com\/product\/yoast-seo-wordpress\/ -->\n<title>SOLARWINE completa la puesta en marcha de dos instalaciones piloto que integran energ\u00eda solar y viticultura 4.0 - INDEREN (Ingenier\u00eda y desarrollos renovables, S.L.)<\/title>\n<meta name=\"description\" content=\"SOLARWINE ya cuenta con sus dos plantas piloto llegando casi a los 2.000 m\u00b2 en busca de la producci\u00f3n sostenible y clim\u00e1ticamente inteligente en el sector.\" \/>\n<meta name=\"robots\" content=\"index, follow, max-snippet:-1, max-image-preview:large, max-video-preview:-1\" \/>\n<link rel=\"canonical\" href=\"https:\/\/inderen.es\/es\/solarwine-completa-puesta-en-marcha-dos-instalaciones-piloto-integran-energia-solar-viticultura-4\/\" \/>\n<meta property=\"og:locale\" content=\"es_ES\" \/>\n<meta property=\"og:type\" content=\"article\" \/>\n<meta property=\"og:title\" content=\"SOLARWINE completa la puesta en marcha de dos instalaciones piloto que integran energ\u00eda solar y viticultura 4.0 - INDEREN (Ingenier\u00eda y desarrollos renovables, S.L.)\" \/>\n<meta property=\"og:description\" content=\"SOLARWINE ya cuenta con sus dos plantas piloto llegando casi a los 2.000 m\u00b2 en busca de la producci\u00f3n sostenible y clim\u00e1ticamente inteligente en el sector.\" \/>\n<meta property=\"og:url\" content=\"https:\/\/inderen.es\/es\/solarwine-completa-puesta-en-marcha-dos-instalaciones-piloto-integran-energia-solar-viticultura-4\/\" \/>\n<meta property=\"og:site_name\" content=\"INDEREN (Ingenier\u00eda y desarrollos renovables, S.L.)\" \/>\n<meta property=\"article:publisher\" content=\"https:\/\/www.facebook.com\/INDEREN.ENERGIA\/\" \/>\n<meta property=\"article:published_time\" content=\"2025-09-25T13:53:20+00:00\" \/>\n<meta property=\"article:modified_time\" content=\"2025-09-25T15:27:40+00:00\" \/>\n<meta property=\"og:image\" content=\"https:\/\/inderen.es\/wp-content\/uploads\/2025\/09\/SolarWine_RRSS_Septiembre2025_Slide1.2-1-edit-small.jpg\" \/>\n\t<meta property=\"og:image:width\" content=\"2000\" \/>\n\t<meta property=\"og:image:height\" content=\"1663\" \/>\n\t<meta property=\"og:image:type\" content=\"image\/jpeg\" \/>\n<meta name=\"author\" content=\"Community Manager\" \/>\n<meta name=\"twitter:card\" content=\"summary_large_image\" \/>\n<meta name=\"twitter:creator\" content=\"@INDEREN_ENERGIA\" \/>\n<meta name=\"twitter:site\" content=\"@INDEREN_ENERGIA\" \/>\n<meta name=\"twitter:label1\" content=\"Escrito por\" \/>\n\t<meta name=\"twitter:data1\" content=\"Community Manager\" \/>\n\t<meta name=\"twitter:label2\" content=\"Tiempo de lectura\" \/>\n\t<meta name=\"twitter:data2\" content=\"5 minutos\" \/>\n<script type=\"application\/ld+json\" class=\"yoast-schema-graph\">{\"@context\":\"https:\\\/\\\/schema.org\",\"@graph\":[{\"@type\":\"Article\",\"@id\":\"https:\\\/\\\/inderen.es\\\/es\\\/solarwine-completa-puesta-en-marcha-dos-instalaciones-piloto-integran-energia-solar-viticultura-4\\\/#article\",\"isPartOf\":{\"@id\":\"https:\\\/\\\/inderen.es\\\/es\\\/solarwine-completa-puesta-en-marcha-dos-instalaciones-piloto-integran-energia-solar-viticultura-4\\\/\"},\"author\":{\"name\":\"Community Manager\",\"@id\":\"https:\\\/\\\/inderen.es\\\/es\\\/#\\\/schema\\\/person\\\/7b6c57ab892ad75f5a2286d5c66ec97c\"},\"headline\":\"SOLARWINE completa la puesta en marcha de dos instalaciones piloto que integran energ\u00eda solar y viticultura 4.0\",\"datePublished\":\"2025-09-25T13:53:20+00:00\",\"dateModified\":\"2025-09-25T15:27:40+00:00\",\"mainEntityOfPage\":{\"@id\":\"https:\\\/\\\/inderen.es\\\/es\\\/solarwine-completa-puesta-en-marcha-dos-instalaciones-piloto-integran-energia-solar-viticultura-4\\\/\"},\"wordCount\":734,\"publisher\":{\"@id\":\"https:\\\/\\\/inderen.es\\\/es\\\/#organization\"},\"image\":{\"@id\":\"https:\\\/\\\/inderen.es\\\/es\\\/solarwine-completa-puesta-en-marcha-dos-instalaciones-piloto-integran-energia-solar-viticultura-4\\\/#primaryimage\"},\"thumbnailUrl\":\"https:\\\/\\\/inderen.es\\\/wp-content\\\/uploads\\\/2025\\\/09\\\/SolarWine_RRSS_Septiembre2025_Slide1.2-1-edit-small.jpg\",\"articleSection\":[\"Fotovoltaica\",\"I+D+i\",\"Plantas Piloto\"],\"inLanguage\":\"es\"},{\"@type\":\"WebPage\",\"@id\":\"https:\\\/\\\/inderen.es\\\/es\\\/solarwine-completa-puesta-en-marcha-dos-instalaciones-piloto-integran-energia-solar-viticultura-4\\\/\",\"url\":\"https:\\\/\\\/inderen.es\\\/es\\\/solarwine-completa-puesta-en-marcha-dos-instalaciones-piloto-integran-energia-solar-viticultura-4\\\/\",\"name\":\"SOLARWINE completa la puesta en marcha de dos instalaciones piloto que integran energ\u00eda solar y viticultura 4.0 - INDEREN (Ingenier\u00eda y desarrollos renovables, S.L.)\",\"isPartOf\":{\"@id\":\"https:\\\/\\\/inderen.es\\\/es\\\/#website\"},\"primaryImageOfPage\":{\"@id\":\"https:\\\/\\\/inderen.es\\\/es\\\/solarwine-completa-puesta-en-marcha-dos-instalaciones-piloto-integran-energia-solar-viticultura-4\\\/#primaryimage\"},\"image\":{\"@id\":\"https:\\\/\\\/inderen.es\\\/es\\\/solarwine-completa-puesta-en-marcha-dos-instalaciones-piloto-integran-energia-solar-viticultura-4\\\/#primaryimage\"},\"thumbnailUrl\":\"https:\\\/\\\/inderen.es\\\/wp-content\\\/uploads\\\/2025\\\/09\\\/SolarWine_RRSS_Septiembre2025_Slide1.2-1-edit-small.jpg\",\"datePublished\":\"2025-09-25T13:53:20+00:00\",\"dateModified\":\"2025-09-25T15:27:40+00:00\",\"description\":\"SOLARWINE ya cuenta con sus dos plantas piloto llegando casi a los 2.000 m\u00b2 en busca de la producci\u00f3n sostenible y clim\u00e1ticamente inteligente en el sector.\",\"breadcrumb\":{\"@id\":\"https:\\\/\\\/inderen.es\\\/es\\\/solarwine-completa-puesta-en-marcha-dos-instalaciones-piloto-integran-energia-solar-viticultura-4\\\/#breadcrumb\"},\"inLanguage\":\"es\",\"potentialAction\":[{\"@type\":\"ReadAction\",\"target\":[\"https:\\\/\\\/inderen.es\\\/es\\\/solarwine-completa-puesta-en-marcha-dos-instalaciones-piloto-integran-energia-solar-viticultura-4\\\/\"]}]},{\"@type\":\"ImageObject\",\"inLanguage\":\"es\",\"@id\":\"https:\\\/\\\/inderen.es\\\/es\\\/solarwine-completa-puesta-en-marcha-dos-instalaciones-piloto-integran-energia-solar-viticultura-4\\\/#primaryimage\",\"url\":\"https:\\\/\\\/inderen.es\\\/wp-content\\\/uploads\\\/2025\\\/09\\\/SolarWine_RRSS_Septiembre2025_Slide1.2-1-edit-small.jpg\",\"contentUrl\":\"https:\\\/\\\/inderen.es\\\/wp-content\\\/uploads\\\/2025\\\/09\\\/SolarWine_RRSS_Septiembre2025_Slide1.2-1-edit-small.jpg\",\"width\":2000,\"height\":1663,\"caption\":\"SolarWine_RRSS_Septiembre2025_Slide1.2 1-edit-small\"},{\"@type\":\"BreadcrumbList\",\"@id\":\"https:\\\/\\\/inderen.es\\\/es\\\/solarwine-completa-puesta-en-marcha-dos-instalaciones-piloto-integran-energia-solar-viticultura-4\\\/#breadcrumb\",\"itemListElement\":[{\"@type\":\"ListItem\",\"position\":1,\"name\":\"Home\",\"item\":\"https:\\\/\\\/inderen.es\\\/es\\\/\"},{\"@type\":\"ListItem\",\"position\":2,\"name\":\"SOLARWINE completa la puesta en marcha de dos instalaciones piloto que integran energ\u00eda solar y viticultura 4.0\"}]},{\"@type\":\"WebSite\",\"@id\":\"https:\\\/\\\/inderen.es\\\/es\\\/#website\",\"url\":\"https:\\\/\\\/inderen.es\\\/es\\\/\",\"name\":\"INDEREN - Ingenier\u00eda y desarrollos renovables\",\"description\":\"Instaladores de energ\u00edas renovables. Ofrecemos un modelo energ\u00e9tico competitivo que proporcione rentabilidad econ\u00f3mica y valores sociales a nuestros clientes, tanto dom\u00e9sticos como industriales.\",\"publisher\":{\"@id\":\"https:\\\/\\\/inderen.es\\\/es\\\/#organization\"},\"potentialAction\":[{\"@type\":\"SearchAction\",\"target\":{\"@type\":\"EntryPoint\",\"urlTemplate\":\"https:\\\/\\\/inderen.es\\\/es\\\/?s={search_term_string}\"},\"query-input\":{\"@type\":\"PropertyValueSpecification\",\"valueRequired\":true,\"valueName\":\"search_term_string\"}}],\"inLanguage\":\"es\"},{\"@type\":\"Organization\",\"@id\":\"https:\\\/\\\/inderen.es\\\/es\\\/#organization\",\"name\":\"INDEREN (Ingenier\u00eda y desarrollos renovables, S.L.)\",\"url\":\"https:\\\/\\\/inderen.es\\\/es\\\/\",\"logo\":{\"@type\":\"ImageObject\",\"inLanguage\":\"es\",\"@id\":\"https:\\\/\\\/inderen.es\\\/es\\\/#\\\/schema\\\/logo\\\/image\\\/\",\"url\":\"https:\\\/\\\/inderen.es\\\/wp-content\\\/uploads\\\/2019\\\/04\\\/logo-inderen.jpg\",\"contentUrl\":\"https:\\\/\\\/inderen.es\\\/wp-content\\\/uploads\\\/2019\\\/04\\\/logo-inderen.jpg\",\"width\":591,\"height\":591,\"caption\":\"INDEREN (Ingenier\u00eda y desarrollos renovables, S.L.)\"},\"image\":{\"@id\":\"https:\\\/\\\/inderen.es\\\/es\\\/#\\\/schema\\\/logo\\\/image\\\/\"},\"sameAs\":[\"https:\\\/\\\/www.facebook.com\\\/INDEREN.ENERGIA\\\/\",\"https:\\\/\\\/x.com\\\/INDEREN_ENERGIA\",\"https:\\\/\\\/www.linkedin.com\\\/company\\\/inderen\\\/\"]},{\"@type\":\"Person\",\"@id\":\"https:\\\/\\\/inderen.es\\\/es\\\/#\\\/schema\\\/person\\\/7b6c57ab892ad75f5a2286d5c66ec97c\",\"name\":\"Community Manager\",\"image\":{\"@type\":\"ImageObject\",\"inLanguage\":\"es\",\"@id\":\"https:\\\/\\\/secure.gravatar.com\\\/avatar\\\/dbc52cf1ccca677d07cb5be43668a1a8f93c7e6383db293ea8d9cc3d21cf54bf?s=96&d=mm&r=g\",\"url\":\"https:\\\/\\\/secure.gravatar.com\\\/avatar\\\/dbc52cf1ccca677d07cb5be43668a1a8f93c7e6383db293ea8d9cc3d21cf54bf?s=96&d=mm&r=g\",\"contentUrl\":\"https:\\\/\\\/secure.gravatar.com\\\/avatar\\\/dbc52cf1ccca677d07cb5be43668a1a8f93c7e6383db293ea8d9cc3d21cf54bf?s=96&d=mm&r=g\",\"caption\":\"Community Manager\"},\"url\":\"https:\\\/\\\/inderen.es\\\/es\\\/author\\\/community-manager\\\/\"}]}<\/script>\n<!-- \/ Yoast SEO plugin. -->","yoast_head_json":{"title":"SOLARWINE completa la puesta en marcha de dos instalaciones piloto que integran energ\u00eda solar y viticultura 4.0 - INDEREN (Ingenier\u00eda y desarrollos renovables, S.L.)","description":"SOLARWINE ya cuenta con sus dos plantas piloto llegando casi a los 2.000 m\u00b2 en busca de la producci\u00f3n sostenible y clim\u00e1ticamente inteligente en el sector.","robots":{"index":"index","follow":"follow","max-snippet":"max-snippet:-1","max-image-preview":"max-image-preview:large","max-video-preview":"max-video-preview:-1"},"canonical":"https:\/\/inderen.es\/es\/solarwine-completa-puesta-en-marcha-dos-instalaciones-piloto-integran-energia-solar-viticultura-4\/","og_locale":"es_ES","og_type":"article","og_title":"SOLARWINE completa la puesta en marcha de dos instalaciones piloto que integran energ\u00eda solar y viticultura 4.0 - INDEREN (Ingenier\u00eda y desarrollos renovables, S.L.)","og_description":"SOLARWINE ya cuenta con sus dos plantas piloto llegando casi a los 2.000 m\u00b2 en busca de la producci\u00f3n sostenible y clim\u00e1ticamente inteligente en el sector.","og_url":"https:\/\/inderen.es\/es\/solarwine-completa-puesta-en-marcha-dos-instalaciones-piloto-integran-energia-solar-viticultura-4\/","og_site_name":"INDEREN (Ingenier\u00eda y desarrollos renovables, S.L.)","article_publisher":"https:\/\/www.facebook.com\/INDEREN.ENERGIA\/","article_published_time":"2025-09-25T13:53:20+00:00","article_modified_time":"2025-09-25T15:27:40+00:00","og_image":[{"width":2000,"height":1663,"url":"https:\/\/inderen.es\/wp-content\/uploads\/2025\/09\/SolarWine_RRSS_Septiembre2025_Slide1.2-1-edit-small.jpg","type":"image\/jpeg"}],"author":"Community Manager","twitter_card":"summary_large_image","twitter_creator":"@INDEREN_ENERGIA","twitter_site":"@INDEREN_ENERGIA","twitter_misc":{"Escrito por":"Community Manager","Tiempo de lectura":"5 minutos"},"schema":{"@context":"https:\/\/schema.org","@graph":[{"@type":"Article","@id":"https:\/\/inderen.es\/es\/solarwine-completa-puesta-en-marcha-dos-instalaciones-piloto-integran-energia-solar-viticultura-4\/#article","isPartOf":{"@id":"https:\/\/inderen.es\/es\/solarwine-completa-puesta-en-marcha-dos-instalaciones-piloto-integran-energia-solar-viticultura-4\/"},"author":{"name":"Community Manager","@id":"https:\/\/inderen.es\/es\/#\/schema\/person\/7b6c57ab892ad75f5a2286d5c66ec97c"},"headline":"SOLARWINE completa la puesta en marcha de dos instalaciones piloto que integran energ\u00eda solar y viticultura 4.0","datePublished":"2025-09-25T13:53:20+00:00","dateModified":"2025-09-25T15:27:40+00:00","mainEntityOfPage":{"@id":"https:\/\/inderen.es\/es\/solarwine-completa-puesta-en-marcha-dos-instalaciones-piloto-integran-energia-solar-viticultura-4\/"},"wordCount":734,"publisher":{"@id":"https:\/\/inderen.es\/es\/#organization"},"image":{"@id":"https:\/\/inderen.es\/es\/solarwine-completa-puesta-en-marcha-dos-instalaciones-piloto-integran-energia-solar-viticultura-4\/#primaryimage"},"thumbnailUrl":"https:\/\/inderen.es\/wp-content\/uploads\/2025\/09\/SolarWine_RRSS_Septiembre2025_Slide1.2-1-edit-small.jpg","articleSection":["Fotovoltaica","I+D+i","Plantas Piloto"],"inLanguage":"es"},{"@type":"WebPage","@id":"https:\/\/inderen.es\/es\/solarwine-completa-puesta-en-marcha-dos-instalaciones-piloto-integran-energia-solar-viticultura-4\/","url":"https:\/\/inderen.es\/es\/solarwine-completa-puesta-en-marcha-dos-instalaciones-piloto-integran-energia-solar-viticultura-4\/","name":"SOLARWINE completa la puesta en marcha de dos instalaciones piloto que integran energ\u00eda solar y viticultura 4.0 - INDEREN (Ingenier\u00eda y desarrollos renovables, S.L.)","isPartOf":{"@id":"https:\/\/inderen.es\/es\/#website"},"primaryImageOfPage":{"@id":"https:\/\/inderen.es\/es\/solarwine-completa-puesta-en-marcha-dos-instalaciones-piloto-integran-energia-solar-viticultura-4\/#primaryimage"},"image":{"@id":"https:\/\/inderen.es\/es\/solarwine-completa-puesta-en-marcha-dos-instalaciones-piloto-integran-energia-solar-viticultura-4\/#primaryimage"},"thumbnailUrl":"https:\/\/inderen.es\/wp-content\/uploads\/2025\/09\/SolarWine_RRSS_Septiembre2025_Slide1.2-1-edit-small.jpg","datePublished":"2025-09-25T13:53:20+00:00","dateModified":"2025-09-25T15:27:40+00:00","description":"SOLARWINE ya cuenta con sus dos plantas piloto llegando casi a los 2.000 m\u00b2 en busca de la producci\u00f3n sostenible y clim\u00e1ticamente inteligente en el sector.","breadcrumb":{"@id":"https:\/\/inderen.es\/es\/solarwine-completa-puesta-en-marcha-dos-instalaciones-piloto-integran-energia-solar-viticultura-4\/#breadcrumb"},"inLanguage":"es","potentialAction":[{"@type":"ReadAction","target":["https:\/\/inderen.es\/es\/solarwine-completa-puesta-en-marcha-dos-instalaciones-piloto-integran-energia-solar-viticultura-4\/"]}]},{"@type":"ImageObject","inLanguage":"es","@id":"https:\/\/inderen.es\/es\/solarwine-completa-puesta-en-marcha-dos-instalaciones-piloto-integran-energia-solar-viticultura-4\/#primaryimage","url":"https:\/\/inderen.es\/wp-content\/uploads\/2025\/09\/SolarWine_RRSS_Septiembre2025_Slide1.2-1-edit-small.jpg","contentUrl":"https:\/\/inderen.es\/wp-content\/uploads\/2025\/09\/SolarWine_RRSS_Septiembre2025_Slide1.2-1-edit-small.jpg","width":2000,"height":1663,"caption":"SolarWine_RRSS_Septiembre2025_Slide1.2 1-edit-small"},{"@type":"BreadcrumbList","@id":"https:\/\/inderen.es\/es\/solarwine-completa-puesta-en-marcha-dos-instalaciones-piloto-integran-energia-solar-viticultura-4\/#breadcrumb","itemListElement":[{"@type":"ListItem","position":1,"name":"Home","item":"https:\/\/inderen.es\/es\/"},{"@type":"ListItem","position":2,"name":"SOLARWINE completa la puesta en marcha de dos instalaciones piloto que integran energ\u00eda solar y viticultura 4.0"}]},{"@type":"WebSite","@id":"https:\/\/inderen.es\/es\/#website","url":"https:\/\/inderen.es\/es\/","name":"INDEREN - Ingenier\u00eda y desarrollos renovables","description":"Instaladores de energ\u00edas renovables. Ofrecemos un modelo energ\u00e9tico competitivo que proporcione rentabilidad econ\u00f3mica y valores sociales a nuestros clientes, tanto dom\u00e9sticos como industriales.","publisher":{"@id":"https:\/\/inderen.es\/es\/#organization"},"potentialAction":[{"@type":"SearchAction","target":{"@type":"EntryPoint","urlTemplate":"https:\/\/inderen.es\/es\/?s={search_term_string}"},"query-input":{"@type":"PropertyValueSpecification","valueRequired":true,"valueName":"search_term_string"}}],"inLanguage":"es"},{"@type":"Organization","@id":"https:\/\/inderen.es\/es\/#organization","name":"INDEREN (Ingenier\u00eda y desarrollos renovables, S.L.)","url":"https:\/\/inderen.es\/es\/","logo":{"@type":"ImageObject","inLanguage":"es","@id":"https:\/\/inderen.es\/es\/#\/schema\/logo\/image\/","url":"https:\/\/inderen.es\/wp-content\/uploads\/2019\/04\/logo-inderen.jpg","contentUrl":"https:\/\/inderen.es\/wp-content\/uploads\/2019\/04\/logo-inderen.jpg","width":591,"height":591,"caption":"INDEREN (Ingenier\u00eda y desarrollos renovables, S.L.)"},"image":{"@id":"https:\/\/inderen.es\/es\/#\/schema\/logo\/image\/"},"sameAs":["https:\/\/www.facebook.com\/INDEREN.ENERGIA\/","https:\/\/x.com\/INDEREN_ENERGIA","https:\/\/www.linkedin.com\/company\/inderen\/"]},{"@type":"Person","@id":"https:\/\/inderen.es\/es\/#\/schema\/person\/7b6c57ab892ad75f5a2286d5c66ec97c","name":"Community Manager","image":{"@type":"ImageObject","inLanguage":"es","@id":"https:\/\/secure.gravatar.com\/avatar\/dbc52cf1ccca677d07cb5be43668a1a8f93c7e6383db293ea8d9cc3d21cf54bf?s=96&d=mm&r=g","url":"https:\/\/secure.gravatar.com\/avatar\/dbc52cf1ccca677d07cb5be43668a1a8f93c7e6383db293ea8d9cc3d21cf54bf?s=96&d=mm&r=g","contentUrl":"https:\/\/secure.gravatar.com\/avatar\/dbc52cf1ccca677d07cb5be43668a1a8f93c7e6383db293ea8d9cc3d21cf54bf?s=96&d=mm&r=g","caption":"Community Manager"},"url":"https:\/\/inderen.es\/es\/author\/community-manager\/"}]}},"_links":{"self":[{"href":"https:\/\/inderen.es\/es\/wp-json\/wp\/v2\/posts\/16096","targetHints":{"allow":["GET"]}}],"collection":[{"href":"https:\/\/inderen.es\/es\/wp-json\/wp\/v2\/posts"}],"about":[{"href":"https:\/\/inderen.es\/es\/wp-json\/wp\/v2\/types\/post"}],"author":[{"embeddable":true,"href":"https:\/\/inderen.es\/es\/wp-json\/wp\/v2\/users\/4"}],"replies":[{"embeddable":true,"href":"https:\/\/inderen.es\/es\/wp-json\/wp\/v2\/comments?post=16096"}],"version-history":[{"count":13,"href":"https:\/\/inderen.es\/es\/wp-json\/wp\/v2\/posts\/16096\/revisions"}],"predecessor-version":[{"id":16121,"href":"https:\/\/inderen.es\/es\/wp-json\/wp\/v2\/posts\/16096\/revisions\/16121"}],"wp:featuredmedia":[{"embeddable":true,"href":"https:\/\/inderen.es\/es\/wp-json\/wp\/v2\/media\/16097"}],"wp:attachment":[{"href":"https:\/\/inderen.es\/es\/wp-json\/wp\/v2\/media?parent=16096"}],"wp:term":[{"taxonomy":"category","embeddable":true,"href":"https:\/\/inderen.es\/es\/wp-json\/wp\/v2\/categories?post=16096"},{"taxonomy":"post_tag","embeddable":true,"href":"https:\/\/inderen.es\/es\/wp-json\/wp\/v2\/tags?post=16096"}],"curies":[{"name":"wp","href":"https:\/\/api.w.org\/{rel}","templated":true}]}}