{"id":8874,"date":"2021-02-08T16:24:30","date_gmt":"2021-02-08T15:24:30","guid":{"rendered":"https:\/\/inderen.es\/?p=8874"},"modified":"2021-02-09T14:46:17","modified_gmt":"2021-02-09T13:46:17","slug":"inderen-congreso-virtual-smart-primary-mesa-redonda","status":"publish","type":"post","link":"https:\/\/inderen.es\/es\/inderen-congreso-virtual-smart-primary-mesa-redonda\/","title":{"rendered":"INDEREN participar\u00e1 en el congreso virtual Smart Primary y la mesa redonda \u00abPRESENTE Y FUTURO DE LA ENERG\u00cdA FOTOVOLTAICA PARA EL SECTOR PRIMARIO\u00bb"},"content":{"rendered":"<div>\n<p class=\"ymstyleespacioblanco\">\n<\/div>\n<h2 class=\"ymstyleh2\">INDEREN participar\u00e1 en <a class=\"ymstyleenlacebold\" href=\"https:\/\/smartprimary.net\/\" target=\"_blank\" rel=\"noopener noreferrer\">el congreso virtual Smart Primary<\/a> y la mesa redonda del mi\u00e9rcoles (10 de febrero de 2021) por la ma\u00f1ana a las 11:15 \u00abPRESENTE Y FUTURO DE LA ENERG\u00cdA FOTOVOLTAICA PARA EL SECTOR PRIMARIO\u00bb.<\/h2>\n<div>\n<p class=\"ymstyleespacioblanco\">\n<\/div>\n<div class=\"ymstyleblack\">En el evento <a class=\"ymstyleenlacebold\" href=\"https:\/\/inderen.es\/es\/contacto\/\" target=\"_blank\" rel=\"noopener noreferrer\">INDEREN<\/a> expondr\u00e1 las \u00faltimas innovaciones que est\u00e1 aplicando en sus desarrollos de <a class=\"ymstyleenlacebold\" href=\"https:\/\/tranesol.es\/proyectos\/\" target=\"_blank\" rel=\"noopener noreferrer\">proyectos solares fotovoltaicos<\/a> en el sector primario agr\u00edcola, como es el desarrollo de proyectos agrovoltaicos y <a class=\"ymstyleenlacebold\" href=\"https:\/\/inderen.es\/es\/comunidades-locales-energias-renovables-un-nuevo-concepto-participacion-sistema-electrico\/\" target=\"_blank\" rel=\"noopener noreferrer\">las Comunidades de Energ\u00edas Renovables (CER)<\/a> como fuente de <span class=\"ymstylespanbold01\">participaci\u00f3n ciudadana<\/span>, <span class=\"ymstylespanbold01\">de Pymes<\/span>, <span class=\"ymstylespanbold01\">cooperativas<\/span> y <span class=\"ymstylespanbold01\">ayuntamientos<\/span> en el sector el\u00e9ctrico, mediante la generaci\u00f3n de energ\u00eda el\u00e9ctrica de <span class=\"ymstylespanbold01\">origen renovable<\/span> de <span class=\"ymstylespanbold01\">forma colectiva<\/span> y su <span class=\"ymstylespanbold01\">autoconsumo<\/span> para reducir los costes de la factura el\u00e9ctrica y mejora del medio ambiente.<\/div>\n<div>\n<p class=\"ymstyleespacioblanco2\">\n<\/div>\n<div class=\"ymstyleblack\"><a class=\"ymstyleenlacebold\" href=\"https:\/\/smartprimary.net\/\" target=\"_blank\" rel=\"noopener noreferrer\">El congreso Smart Primary<\/a>, que tendr\u00e1 lugar los d\u00edas 10 y 11 de febrero de 2021, es un evento basado en <span class=\"ymstylespanbold01\">la innovaci\u00f3n, evoluci\u00f3n y mejora del sector primario<\/span>, derivado de <span class=\"ymstylespanbold01\">la transformaci\u00f3n digital<\/span> y <span class=\"ymstylespanbold01\">la explotaci\u00f3n inteligente de informaci\u00f3n<\/span>. Los colegios profesionales de la Comunidad Valenciana junto con <a class=\"ymstyleenlacebold\" href=\"http:\/\/innova.gva.es\/es\" target=\"_blank\" rel=\"noopener noreferrer\">la Conselleria de innovaci\u00f3n, universidades, ciencia y sociedad digital<\/a>, organizan esta feria-congreso virtual relacionada con las tecnolog\u00edas e innovaciones aplicadas al sector primario, log\u00edstica y transporte.<\/div>\n<div>\n<p class=\"ymstyleespacioblanco\">\n<\/div>\n<p><img loading=\"lazy\" decoding=\"async\" class=\"img-fluid aligncenter\" src=\"https:\/\/inderen.es\/wp-content\/uploads\/2021\/02\/SMART-PRIMARY-INDEREN-02.jpg\" alt=\"congreso virtual Smart Primary-INDEREN-02\" width=\"800\" height=\"392\" \/><\/p>\n<div>\n<p class=\"ymstyleespacioblanco\">\n<\/div>\n<div class=\"ymstyleblack\">Todo el evento ser\u00e1 <span class=\"ymstylespanbold01\">on-line<\/span> por lo que contar\u00e1 con <span class=\"ymstylespanbold01\">una plataforma virtual<\/span> para los expositores donde se podr\u00e1n realizar reuniones, presentaci\u00f3n y demostraciones de productos y servicios, as\u00ed como sesiones de networking. Por otra parte, estar\u00e1 el congreso que se transmitir\u00e1 en streaming.<\/div>\n<div>\n<p class=\"ymstyleespacioblanco2\">\n<\/div>\n<div class=\"ymstyleblack\"><a class=\"ymstyleenlacebold\" href=\"https:\/\/smartprimary.net\/\" target=\"_blank\" rel=\"noopener noreferrer\">El Smart Primary<\/a> reunir\u00e1 a administraciones p\u00fablicas (centros tecnol\u00f3gicos, universidades&#8230;) profesionales y empresas que aplican tecnolog\u00edas e innovaci\u00f3n en sus procesos, permitiendo ganar en competitividad, eficacia y sostenibilidad en uno de los sectores, que tiene una importancia vital para nuestra sociedad.<\/div>\n<div>\n<p class=\"ymstyleespacioblanco\">\n<\/div>\n<div class=\"ymstyleblack\">Podr\u00e1n inscribirse al congreso virtual Smart Primary aqu\u00ed: <a class=\"ymstyleenlacebold\" href=\"https:\/\/smartprimary.net\/inscripcion\/\" target=\"_blank\" rel=\"noopener noreferrer\">https:\/\/smartprimary.net\/inscripcion<\/a><\/div>\n<div>\n<p class=\"ymstyleespacioblanco\">\n<\/div>\n<div class=\"ymstyleblack\"><span class=\"ymstylespanbold01\">Compartir este art\u00edculo en las Redes Sociales: <\/span><!-- Simple Share Buttons Adder (8.5.4) simplesharebuttons.com --><div class=\"ssba-modern-2 ssba ssbp-wrap aligncenter ssbp--theme-1\"><div style=\"text-align:center\"><ul class=\"ssbp-list\"><li class='ssbp-li--linkedin'><a data-site=\"linkedin\" class=\"ssba_linkedin_share ssba_share_link ssbp-linkedin ssbp-btn\" href=\"https:\/\/www.linkedin.com\/shareArticle?title=INDEREN participar\u00e1 en el congreso virtual Smart Primary y la mesa redonda \u00abPRESENTE Y FUTURO DE LA ENERG\u00cdA FOTOVOLTAICA PARA EL SECTOR PRIMARIO\u00bb&url=https:\/\/inderen.es\/es\/wp-json\/wp\/v2\/posts\/8874\"  target=_blank  style=\"color:#0077b5; background-color: #0077b5; height: 48px; width: 48px; \" ><span><svg xmlns=\"http:\/\/www.w3.org\/2000\/svg\" fill=\"#fff\" preserveAspectRatio=\"xMidYMid meet\" height=\"1em\" width=\"1em\" viewBox=\"0 0 40 40\">\n  <g>\n    <path d=\"m13.3 31.7h-5v-16.7h5v16.7z m18.4 0h-5v-8.9c0-2.4-0.9-3.5-2.5-3.5-1.3 0-2.1 0.6-2.5 1.9v10.5h-5s0-15 0-16.7h3.9l0.3 3.3h0.1c1-1.6 2.7-2.8 4.9-2.8 1.7 0 3.1 0.5 4.2 1.7 1 1.2 1.6 2.8 1.6 5.1v9.4z m-18.3-20.9c0 1.4-1.1 2.5-2.6 2.5s-2.5-1.1-2.5-2.5 1.1-2.5 2.5-2.5 2.6 1.2 2.6 2.5z\"><\/path>\n  <\/g>\n<\/svg>\n\n<\/span><span class=\"color-icon\"><svg xmlns=\"http:\/\/www.w3.org\/2000\/svg\" xmlns:xlink=\"http:\/\/www.w3.org\/1999\/xlink\" width=\"50px\" height=\"50px\" viewBox=\"0 0 50 50\" version=\"1.1\">\n<g id=\"surface97807\">\n<path style=\" stroke:none;fill-rule:nonzero;fill:rgb(0%,46.666667%,70.980392%);fill-opacity:1;\" d=\"M 8 3.007812 C 4.53125 3.007812 2.007812 5.089844 2.007812 7.949219 C 2.007812 10.820312 4.589844 12.988281 8 12.988281 C 11.46875 12.988281 13.988281 10.871094 13.988281 7.890625 C 13.832031 5.019531 11.359375 3.007812 8 3.007812 Z M 3 15 C 2.449219 15 2 15.449219 2 16 L 2 45 C 2 45.550781 2.449219 46 3 46 L 13 46 C 13.550781 46 14 45.550781 14 45 L 14 16 C 14 15.449219 13.550781 15 13 15 Z M 18 15 C 17.449219 15 17 15.449219 17 16 L 17 45 C 17 45.550781 17.449219 46 18 46 L 27 46 C 27.550781 46 28 45.550781 28 45 L 28 29.5 C 28 27.128906 29.820312 25.199219 32.140625 25.019531 C 32.261719 25 32.378906 25 32.5 25 C 32.621094 25 32.738281 25 32.859375 25.019531 C 35.179688 25.199219 37 27.128906 37 29.5 L 37 45 C 37 45.550781 37.449219 46 38 46 L 47 46 C 47.550781 46 48 45.550781 48 45 L 48 28 C 48 21.53125 44.527344 15 36.789062 15 C 33.269531 15 30.609375 16.359375 29 17.488281 L 29 16 C 29 15.449219 28.550781 15 28 15 Z M 18 15 \"\/>\n<\/g>\n<\/svg>\n<\/span><div title=\"Linkedin\" class=\"ssbp-text\">Linkedin<\/div><\/a><\/li><li class='ssbp-li--facebook'><a data-site=\"facebook\" class=\"ssba_facebook_share ssba_share_link ssbp-facebook ssbp-btn\" href=\"https:\/\/www.facebook.com\/sharer.php?t=INDEREN participar\u00e1 en el congreso virtual Smart Primary y la mesa redonda \u00abPRESENTE Y FUTURO DE LA ENERG\u00cdA FOTOVOLTAICA PARA EL SECTOR PRIMARIO\u00bb&u=https:\/\/inderen.es\/es\/wp-json\/wp\/v2\/posts\/8874\"  target=_blank  style=\"color:#4267B2; background-color: #4267B2; height: 48px; width: 48px; \" ><span><svg xmlns=\"http:\/\/www.w3.org\/2000\/svg\" fill=\"#fff\" preserveAspectRatio=\"xMidYMid meet\" height=\"1em\" width=\"1em\" viewBox=\"0 0 40 40\">\n  <g>\n    <path d=\"m21.7 16.7h5v5h-5v11.6h-5v-11.6h-5v-5h5v-2.1c0-2 0.6-4.5 1.8-5.9 1.3-1.3 2.8-2 4.7-2h3.5v5h-3.5c-0.9 0-1.5 0.6-1.5 1.5v3.5z\"><\/path>\n  <\/g>\n<\/svg>\n\n<\/span><span class=\"color-icon\"><svg xmlns=\"http:\/\/www.w3.org\/2000\/svg\" width=\"16\" height=\"28\" viewBox=\"0 0 16 28\">\n  <path fill=\"#3B5998\" d=\"M10.7,10.7 L15.7,10.7 L15.7,15.7 L10.7,15.7 L10.7,27.3 L5.7,27.3 L5.7,15.7 L0.7,15.7 L0.7,10.7 L5.7,10.7 L5.7,8.6 C5.7,6.6 6.3,4.1 7.5,2.7 C8.8,1.4 10.3,0.7 12.2,0.7 L15.7,0.7 L15.7,5.7 L12.2,5.7 C11.3,5.7 10.7,6.3 10.7,7.2 L10.7,10.7 Z\"\/>\n<\/svg>\n<\/span><div title=\"Facebook\" class=\"ssbp-text\">Facebook<\/div><\/a><\/li><li class='ssbp-li--twitter'><a data-site=\"twitter\" class=\"ssba_twitter_share ssba_share_link ssbp-twitter ssbp-btn\" href=\"https:\/\/twitter.com\/intent\/tweet?text=INDEREN participar\u00e1 en el congreso virtual Smart Primary y la mesa redonda \u00abPRESENTE Y FUTURO DE LA ENERG\u00cdA FOTOVOLTAICA PARA EL SECTOR PRIMARIO\u00bb&url=https:\/\/inderen.es\/es\/wp-json\/wp\/v2\/posts\/8874&via=\"  target=_blank  style=\"color:#000000; background-color: #000000; height: 48px; width: 48px; \" ><span><svg width=\"25\" height=\"25\" viewBox=\"0 0 25 25\" fill=\"none\" xmlns=\"http:\/\/www.w3.org\/2000\/svg\">\n    <rect width=\"25\" height=\"25\" \/>\n    <path d=\"M14.4821 11.6218L21.0389 4H19.4852L13.7919 10.6179L9.24467 4H4L10.8763 14.0074L4 22H5.55385L11.5661 15.0113L16.3683 22H21.613L14.4821 11.6218ZM6.11371 5.16972H8.50031L19.4859 20.8835H17.0993L6.11371 5.16972Z\" fill=\"white\"\/>\n<\/svg>\n<\/span><span class=\"color-icon\"><svg width=\"25\" height=\"25\" viewBox=\"0 0 25 25\" fill=\"none\" xmlns=\"http:\/\/www.w3.org\/2000\/svg\">\n\t<rect width=\"25\" height=\"25\" \/>\n\t<path d=\"M14.4821 11.6218L21.0389 4H19.4852L13.7919 10.6179L9.24467 4H4L10.8763 14.0074L4 22H5.55385L11.5661 15.0113L16.3683 22H21.613L14.4821 11.6218ZM6.11371 5.16972H8.50031L19.4859 20.8835H17.0993L6.11371 5.16972Z\" fill=\"#000000\"\/>\n<\/svg>\n<\/span><div title=\"Twitter\" class=\"ssbp-text\">Twitter<\/div><\/a><\/li><li class='ssbp-li--pinterest'><a data-site=\"pinterest\" class=\"ssba_pinterest_share ssba_share_link ssbp-pinterest ssbp-btn\" href=\"https:\/\/pinterest.com\/pin\/create\/button\/?description=INDEREN participar\u00e1 en el congreso virtual Smart Primary y la mesa redonda \u00abPRESENTE Y FUTURO DE LA ENERG\u00cdA FOTOVOLTAICA PARA EL SECTOR PRIMARIO\u00bb&media=&url=https:\/\/inderen.es\/es\/wp-json\/wp\/v2\/posts\/8874\"  target=_blank  style=\"color:#CB2027; background-color: #CB2027; height: 48px; width: 48px; \" ><span><svg xmlns=\"http:\/\/www.w3.org\/2000\/svg\" fill=\"#fff\" preserveAspectRatio=\"xMidYMid meet\" height=\"1em\" width=\"1em\" viewBox=\"0 0 40 40\">\n  <g>\n    <path d=\"m37.3 20q0 4.7-2.3 8.6t-6.3 6.2-8.6 2.3q-2.4 0-4.8-0.7 1.3-2 1.7-3.6 0.2-0.8 1.2-4.7 0.5 0.8 1.7 1.5t2.5 0.6q2.7 0 4.8-1.5t3.3-4.2 1.2-6.1q0-2.5-1.4-4.7t-3.8-3.7-5.7-1.4q-2.4 0-4.4 0.7t-3.4 1.7-2.5 2.4-1.5 2.9-0.4 3q0 2.4 0.8 4.1t2.7 2.5q0.6 0.3 0.8-0.5 0.1-0.1 0.2-0.6t0.2-0.7q0.1-0.5-0.3-1-1.1-1.3-1.1-3.3 0-3.4 2.3-5.8t6.1-2.5q3.4 0 5.3 1.9t1.9 4.7q0 3.8-1.6 6.5t-3.9 2.6q-1.3 0-2.2-0.9t-0.5-2.4q0.2-0.8 0.6-2.1t0.7-2.3 0.2-1.6q0-1.2-0.6-1.9t-1.7-0.7q-1.4 0-2.3 1.2t-1 3.2q0 1.6 0.6 2.7l-2.2 9.4q-0.4 1.5-0.3 3.9-4.6-2-7.5-6.3t-2.8-9.4q0-4.7 2.3-8.6t6.2-6.2 8.6-2.3 8.6 2.3 6.3 6.2 2.3 8.6z\"><\/path>\n  <\/g>\n<\/svg>\n\n<\/span><span class=\"color-icon\"><svg xmlns=\"http:\/\/www.w3.org\/2000\/svg\" width=\"35\" height=\"36\" viewBox=\"0 0 35 36\">\n  <path fill=\"#CB2027\" d=\"M35.3,18 C35.3,21.1333333 34.5333333,24 33,26.6 C31.4666667,29.2 29.3666667,31.2666667 26.7,32.8 C24.0333333,34.3333333 21.1666667,35.1 18.1,35.1 C16.5,35.1 14.9,34.8666667 13.3,34.4 C14.1666667,33.0666667 14.7333333,31.8666667 15,30.8 C15.1333333,30.2666667 15.5333333,28.7 16.2,26.1 C16.5333333,26.6333333 17.1,27.1333333 17.9,27.6 C18.7,28.0666667 19.5333333,28.2666667 20.4,28.2 C22.2,28.2 23.8,27.7 25.2,26.7 C26.6,25.7 27.7,24.3 28.5,22.5 C29.3,20.7 29.7,18.6666667 29.7,16.4 C29.7,14.7333333 29.2333333,13.1666667 28.3,11.7 C27.3666667,10.2333333 26.1,9 24.5,8 C22.9,7 21,6.53333333 18.8,6.6 C17.2,6.6 15.7333333,6.83333333 14.4,7.3 C13.0666667,7.76666667 11.9333333,8.33333333 11,9 C10.0666667,9.66666667 9.23333333,10.4666667 8.5,11.4 C7.76666667,12.3333333 7.26666667,13.3 7,14.3 C6.73333333,15.3 6.6,16.3 6.6,17.3 C6.6,18.9 6.86666667,20.2666667 7.4,21.4 C7.93333333,22.5333333 8.83333333,23.3666667 10.1,23.9 C10.5,24.1 10.7666667,23.9333333 10.9,23.4 C10.9666667,23.3333333 11.0333333,23.1333333 11.1,22.8 C11.1666667,22.4666667 11.2333333,22.2333333 11.3,22.1 C11.3666667,21.7666667 11.2666667,21.4333333 11,21.1 C10.2666667,20.2333333 9.9,19.1333333 9.9,17.8 C9.9,15.5333333 10.6666667,13.6 12.2,12 C13.7333333,10.4 15.7666667,9.56666667 18.3,9.5 C20.5666667,9.5 22.3333333,10.1333333 23.6,11.4 C24.8666667,12.6666667 25.5,14.2333333 25.5,16.1 C25.5,18.6333333 24.9666667,20.8 23.9,22.6 C22.8333333,24.4 21.5333333,25.2666667 20,25.2 C19.1333333,25.2 18.4,24.9 17.8,24.3 C17.2,23.7 17.0333333,22.9 17.3,21.9 C17.4333333,21.3666667 17.6333333,20.6666667 17.9,19.8 C18.1666667,18.9333333 18.4,18.1666667 18.6,17.5 C18.8,16.8333333 18.8666667,16.3 18.8,15.9 C18.8,15.1 18.6,14.4666667 18.2,14 C17.8,13.5333333 17.2333333,13.3 16.5,13.3 C15.5666667,13.3 14.8,13.7 14.2,14.5 C13.6,15.3 13.2666667,16.3666667 13.2,17.7 C13.2,18.7666667 13.4,19.6666667 13.8,20.4 L11.6,29.8 C11.3333333,30.8 11.2333333,32.1 11.3,33.7 C8.23333333,32.3666667 5.73333333,30.2666667 3.8,27.4 C1.86666667,24.5333333 0.933333333,21.4 1,18 C1,14.8666667 1.76666667,12 3.3,9.4 C4.83333333,6.8 6.9,4.73333333 9.5,3.2 C12.1,1.66666667 14.9666667,0.9 18.1,0.9 C21.2333333,0.9 24.1,1.66666667 26.7,3.2 C29.3,4.73333333 31.4,6.8 33,9.4 C34.6,12 35.3666667,14.8666667 35.3,18 Z\" transform=\"translate(-1)\"\/>\n<\/svg>\n<\/span><div title=\"Pinterest\" class=\"ssbp-text\">Pinterest<\/div><\/a><\/li><\/ul><\/div><\/div><\/div>\n<div>\n<p class=\"ymstyleespacioblanco\">\n<\/div>\n<div>\n<p class=\"ymstyleespacioblanco\">\n<\/div>\n","protected":false},"excerpt":{"rendered":"<p>INDEREN participar\u00e1 en el congreso virtual Smart Primary y la mesa redonda del mi\u00e9rcoles (10 de febrero de 2021) por la ma\u00f1ana a las 11:15&#8230; <\/p>\n","protected":false},"author":4,"featured_media":8876,"comment_status":"closed","ping_status":"open","sticky":false,"template":"","format":"standard","meta":{"_monsterinsights_skip_tracking":false,"_monsterinsights_sitenote_active":false,"_monsterinsights_sitenote_note":"","_monsterinsights_sitenote_category":0,"footnotes":""},"categories":[28],"tags":[],"class_list":["post-8874","post","type-post","status-publish","format-standard","has-post-thumbnail","hentry","category-inderen-biogas-une-166002-idi-investigacion-desarrollo-e-innovacion"],"yoast_head":"<!-- This site is optimized with the Yoast SEO plugin v27.5 - https:\/\/yoast.com\/product\/yoast-seo-wordpress\/ -->\n<title>INDEREN participar\u00e1 en el congreso virtual Smart Primary<\/title>\n<meta name=\"description\" content=\"INDEREN participar\u00e1 en el congreso virtual Smart Primary y la mesa redonda del mi\u00e9rcoles (10 de febrero de 2021) por la ma\u00f1ana a las 11:15...\" \/>\n<meta name=\"robots\" content=\"index, follow, max-snippet:-1, max-image-preview:large, max-video-preview:-1\" \/>\n<link rel=\"canonical\" href=\"https:\/\/inderen.es\/es\/inderen-congreso-virtual-smart-primary-mesa-redonda\/\" \/>\n<meta property=\"og:locale\" content=\"es_ES\" \/>\n<meta property=\"og:type\" content=\"article\" \/>\n<meta property=\"og:title\" content=\"INDEREN participar\u00e1 en el congreso virtual Smart Primary\" \/>\n<meta property=\"og:description\" content=\"INDEREN participar\u00e1 en el congreso virtual Smart Primary y la mesa redonda del mi\u00e9rcoles (10 de febrero de 2021) por la ma\u00f1ana a las 11:15...\" \/>\n<meta property=\"og:url\" content=\"https:\/\/inderen.es\/es\/inderen-congreso-virtual-smart-primary-mesa-redonda\/\" \/>\n<meta property=\"og:site_name\" content=\"INDEREN (Ingenier\u00eda y desarrollos renovables, S.L.)\" \/>\n<meta property=\"article:publisher\" content=\"https:\/\/www.facebook.com\/INDEREN.ENERGIA\/\" \/>\n<meta property=\"article:published_time\" content=\"2021-02-08T15:24:30+00:00\" \/>\n<meta property=\"article:modified_time\" content=\"2021-02-09T13:46:17+00:00\" \/>\n<meta property=\"og:image\" content=\"https:\/\/inderen.es\/wp-content\/uploads\/2021\/02\/SMART-PRIMARY-INDEREN-01.jpg\" \/>\n\t<meta property=\"og:image:width\" content=\"1882\" \/>\n\t<meta property=\"og:image:height\" content=\"927\" \/>\n\t<meta property=\"og:image:type\" content=\"image\/jpeg\" \/>\n<meta name=\"author\" content=\"Community Manager\" \/>\n<meta name=\"twitter:card\" content=\"summary_large_image\" \/>\n<meta name=\"twitter:creator\" content=\"@INDEREN_ENERGIA\" \/>\n<meta name=\"twitter:site\" content=\"@INDEREN_ENERGIA\" \/>\n<meta name=\"twitter:label1\" content=\"Escrito por\" \/>\n\t<meta name=\"twitter:data1\" content=\"Community Manager\" \/>\n\t<meta name=\"twitter:label2\" content=\"Tiempo de lectura\" \/>\n\t<meta name=\"twitter:data2\" content=\"2 minutos\" \/>\n<script type=\"application\/ld+json\" class=\"yoast-schema-graph\">{\"@context\":\"https:\\\/\\\/schema.org\",\"@graph\":[{\"@type\":\"Article\",\"@id\":\"https:\\\/\\\/inderen.es\\\/es\\\/inderen-congreso-virtual-smart-primary-mesa-redonda\\\/#article\",\"isPartOf\":{\"@id\":\"https:\\\/\\\/inderen.es\\\/es\\\/inderen-congreso-virtual-smart-primary-mesa-redonda\\\/\"},\"author\":{\"name\":\"Community Manager\",\"@id\":\"https:\\\/\\\/inderen.es\\\/es\\\/#\\\/schema\\\/person\\\/7b6c57ab892ad75f5a2286d5c66ec97c\"},\"headline\":\"INDEREN participar\u00e1 en el congreso virtual Smart Primary y la mesa redonda \u00abPRESENTE Y FUTURO DE LA ENERG\u00cdA FOTOVOLTAICA PARA EL SECTOR PRIMARIO\u00bb\",\"datePublished\":\"2021-02-08T15:24:30+00:00\",\"dateModified\":\"2021-02-09T13:46:17+00:00\",\"mainEntityOfPage\":{\"@id\":\"https:\\\/\\\/inderen.es\\\/es\\\/inderen-congreso-virtual-smart-primary-mesa-redonda\\\/\"},\"wordCount\":341,\"publisher\":{\"@id\":\"https:\\\/\\\/inderen.es\\\/es\\\/#organization\"},\"image\":{\"@id\":\"https:\\\/\\\/inderen.es\\\/es\\\/inderen-congreso-virtual-smart-primary-mesa-redonda\\\/#primaryimage\"},\"thumbnailUrl\":\"https:\\\/\\\/inderen.es\\\/wp-content\\\/uploads\\\/2021\\\/02\\\/SMART-PRIMARY-INDEREN-01.jpg\",\"articleSection\":[\"I+D+i\"],\"inLanguage\":\"es\"},{\"@type\":\"WebPage\",\"@id\":\"https:\\\/\\\/inderen.es\\\/es\\\/inderen-congreso-virtual-smart-primary-mesa-redonda\\\/\",\"url\":\"https:\\\/\\\/inderen.es\\\/es\\\/inderen-congreso-virtual-smart-primary-mesa-redonda\\\/\",\"name\":\"INDEREN participar\u00e1 en el congreso virtual Smart Primary\",\"isPartOf\":{\"@id\":\"https:\\\/\\\/inderen.es\\\/es\\\/#website\"},\"primaryImageOfPage\":{\"@id\":\"https:\\\/\\\/inderen.es\\\/es\\\/inderen-congreso-virtual-smart-primary-mesa-redonda\\\/#primaryimage\"},\"image\":{\"@id\":\"https:\\\/\\\/inderen.es\\\/es\\\/inderen-congreso-virtual-smart-primary-mesa-redonda\\\/#primaryimage\"},\"thumbnailUrl\":\"https:\\\/\\\/inderen.es\\\/wp-content\\\/uploads\\\/2021\\\/02\\\/SMART-PRIMARY-INDEREN-01.jpg\",\"datePublished\":\"2021-02-08T15:24:30+00:00\",\"dateModified\":\"2021-02-09T13:46:17+00:00\",\"description\":\"INDEREN participar\u00e1 en el congreso virtual Smart Primary y la mesa redonda del mi\u00e9rcoles (10 de febrero de 2021) por la ma\u00f1ana a las 11:15...\",\"breadcrumb\":{\"@id\":\"https:\\\/\\\/inderen.es\\\/es\\\/inderen-congreso-virtual-smart-primary-mesa-redonda\\\/#breadcrumb\"},\"inLanguage\":\"es\",\"potentialAction\":[{\"@type\":\"ReadAction\",\"target\":[\"https:\\\/\\\/inderen.es\\\/es\\\/inderen-congreso-virtual-smart-primary-mesa-redonda\\\/\"]}]},{\"@type\":\"ImageObject\",\"inLanguage\":\"es\",\"@id\":\"https:\\\/\\\/inderen.es\\\/es\\\/inderen-congreso-virtual-smart-primary-mesa-redonda\\\/#primaryimage\",\"url\":\"https:\\\/\\\/inderen.es\\\/wp-content\\\/uploads\\\/2021\\\/02\\\/SMART-PRIMARY-INDEREN-01.jpg\",\"contentUrl\":\"https:\\\/\\\/inderen.es\\\/wp-content\\\/uploads\\\/2021\\\/02\\\/SMART-PRIMARY-INDEREN-01.jpg\",\"width\":1882,\"height\":927,\"caption\":\"congreso virtual Smart Primary-INDEREN-01\"},{\"@type\":\"BreadcrumbList\",\"@id\":\"https:\\\/\\\/inderen.es\\\/es\\\/inderen-congreso-virtual-smart-primary-mesa-redonda\\\/#breadcrumb\",\"itemListElement\":[{\"@type\":\"ListItem\",\"position\":1,\"name\":\"Home\",\"item\":\"https:\\\/\\\/inderen.es\\\/es\\\/\"},{\"@type\":\"ListItem\",\"position\":2,\"name\":\"INDEREN participar\u00e1 en el congreso virtual Smart Primary y la mesa redonda &#8220;PRESENTE Y FUTURO DE LA ENERG\u00cdA FOTOVOLTAICA PARA EL SECTOR PRIMARIO&#8221;\"}]},{\"@type\":\"WebSite\",\"@id\":\"https:\\\/\\\/inderen.es\\\/es\\\/#website\",\"url\":\"https:\\\/\\\/inderen.es\\\/es\\\/\",\"name\":\"INDEREN - Ingenier\u00eda y desarrollos renovables\",\"description\":\"Instaladores de energ\u00edas renovables. Ofrecemos un modelo energ\u00e9tico competitivo que proporcione rentabilidad econ\u00f3mica y valores sociales a nuestros clientes, tanto dom\u00e9sticos como industriales.\",\"publisher\":{\"@id\":\"https:\\\/\\\/inderen.es\\\/es\\\/#organization\"},\"potentialAction\":[{\"@type\":\"SearchAction\",\"target\":{\"@type\":\"EntryPoint\",\"urlTemplate\":\"https:\\\/\\\/inderen.es\\\/es\\\/?s={search_term_string}\"},\"query-input\":{\"@type\":\"PropertyValueSpecification\",\"valueRequired\":true,\"valueName\":\"search_term_string\"}}],\"inLanguage\":\"es\"},{\"@type\":\"Organization\",\"@id\":\"https:\\\/\\\/inderen.es\\\/es\\\/#organization\",\"name\":\"INDEREN (Ingenier\u00eda y desarrollos renovables, S.L.)\",\"url\":\"https:\\\/\\\/inderen.es\\\/es\\\/\",\"logo\":{\"@type\":\"ImageObject\",\"inLanguage\":\"es\",\"@id\":\"https:\\\/\\\/inderen.es\\\/es\\\/#\\\/schema\\\/logo\\\/image\\\/\",\"url\":\"https:\\\/\\\/inderen.es\\\/wp-content\\\/uploads\\\/2019\\\/04\\\/logo-inderen.jpg\",\"contentUrl\":\"https:\\\/\\\/inderen.es\\\/wp-content\\\/uploads\\\/2019\\\/04\\\/logo-inderen.jpg\",\"width\":591,\"height\":591,\"caption\":\"INDEREN (Ingenier\u00eda y desarrollos renovables, S.L.)\"},\"image\":{\"@id\":\"https:\\\/\\\/inderen.es\\\/es\\\/#\\\/schema\\\/logo\\\/image\\\/\"},\"sameAs\":[\"https:\\\/\\\/www.facebook.com\\\/INDEREN.ENERGIA\\\/\",\"https:\\\/\\\/x.com\\\/INDEREN_ENERGIA\",\"https:\\\/\\\/www.linkedin.com\\\/company\\\/inderen\\\/\"]},{\"@type\":\"Person\",\"@id\":\"https:\\\/\\\/inderen.es\\\/es\\\/#\\\/schema\\\/person\\\/7b6c57ab892ad75f5a2286d5c66ec97c\",\"name\":\"Community Manager\",\"image\":{\"@type\":\"ImageObject\",\"inLanguage\":\"es\",\"@id\":\"https:\\\/\\\/secure.gravatar.com\\\/avatar\\\/dbc52cf1ccca677d07cb5be43668a1a8f93c7e6383db293ea8d9cc3d21cf54bf?s=96&d=mm&r=g\",\"url\":\"https:\\\/\\\/secure.gravatar.com\\\/avatar\\\/dbc52cf1ccca677d07cb5be43668a1a8f93c7e6383db293ea8d9cc3d21cf54bf?s=96&d=mm&r=g\",\"contentUrl\":\"https:\\\/\\\/secure.gravatar.com\\\/avatar\\\/dbc52cf1ccca677d07cb5be43668a1a8f93c7e6383db293ea8d9cc3d21cf54bf?s=96&d=mm&r=g\",\"caption\":\"Community Manager\"},\"url\":\"https:\\\/\\\/inderen.es\\\/es\\\/author\\\/community-manager\\\/\"}]}<\/script>\n<!-- \/ Yoast SEO plugin. -->","yoast_head_json":{"title":"INDEREN participar\u00e1 en el congreso virtual Smart Primary","description":"INDEREN participar\u00e1 en el congreso virtual Smart Primary y la mesa redonda del mi\u00e9rcoles (10 de febrero de 2021) por la ma\u00f1ana a las 11:15...","robots":{"index":"index","follow":"follow","max-snippet":"max-snippet:-1","max-image-preview":"max-image-preview:large","max-video-preview":"max-video-preview:-1"},"canonical":"https:\/\/inderen.es\/es\/inderen-congreso-virtual-smart-primary-mesa-redonda\/","og_locale":"es_ES","og_type":"article","og_title":"INDEREN participar\u00e1 en el congreso virtual Smart Primary","og_description":"INDEREN participar\u00e1 en el congreso virtual Smart Primary y la mesa redonda del mi\u00e9rcoles (10 de febrero de 2021) por la ma\u00f1ana a las 11:15...","og_url":"https:\/\/inderen.es\/es\/inderen-congreso-virtual-smart-primary-mesa-redonda\/","og_site_name":"INDEREN (Ingenier\u00eda y desarrollos renovables, S.L.)","article_publisher":"https:\/\/www.facebook.com\/INDEREN.ENERGIA\/","article_published_time":"2021-02-08T15:24:30+00:00","article_modified_time":"2021-02-09T13:46:17+00:00","og_image":[{"width":1882,"height":927,"url":"https:\/\/inderen.es\/wp-content\/uploads\/2021\/02\/SMART-PRIMARY-INDEREN-01.jpg","type":"image\/jpeg"}],"author":"Community Manager","twitter_card":"summary_large_image","twitter_creator":"@INDEREN_ENERGIA","twitter_site":"@INDEREN_ENERGIA","twitter_misc":{"Escrito por":"Community Manager","Tiempo de lectura":"2 minutos"},"schema":{"@context":"https:\/\/schema.org","@graph":[{"@type":"Article","@id":"https:\/\/inderen.es\/es\/inderen-congreso-virtual-smart-primary-mesa-redonda\/#article","isPartOf":{"@id":"https:\/\/inderen.es\/es\/inderen-congreso-virtual-smart-primary-mesa-redonda\/"},"author":{"name":"Community Manager","@id":"https:\/\/inderen.es\/es\/#\/schema\/person\/7b6c57ab892ad75f5a2286d5c66ec97c"},"headline":"INDEREN participar\u00e1 en el congreso virtual Smart Primary y la mesa redonda \u00abPRESENTE Y FUTURO DE LA ENERG\u00cdA FOTOVOLTAICA PARA EL SECTOR PRIMARIO\u00bb","datePublished":"2021-02-08T15:24:30+00:00","dateModified":"2021-02-09T13:46:17+00:00","mainEntityOfPage":{"@id":"https:\/\/inderen.es\/es\/inderen-congreso-virtual-smart-primary-mesa-redonda\/"},"wordCount":341,"publisher":{"@id":"https:\/\/inderen.es\/es\/#organization"},"image":{"@id":"https:\/\/inderen.es\/es\/inderen-congreso-virtual-smart-primary-mesa-redonda\/#primaryimage"},"thumbnailUrl":"https:\/\/inderen.es\/wp-content\/uploads\/2021\/02\/SMART-PRIMARY-INDEREN-01.jpg","articleSection":["I+D+i"],"inLanguage":"es"},{"@type":"WebPage","@id":"https:\/\/inderen.es\/es\/inderen-congreso-virtual-smart-primary-mesa-redonda\/","url":"https:\/\/inderen.es\/es\/inderen-congreso-virtual-smart-primary-mesa-redonda\/","name":"INDEREN participar\u00e1 en el congreso virtual Smart Primary","isPartOf":{"@id":"https:\/\/inderen.es\/es\/#website"},"primaryImageOfPage":{"@id":"https:\/\/inderen.es\/es\/inderen-congreso-virtual-smart-primary-mesa-redonda\/#primaryimage"},"image":{"@id":"https:\/\/inderen.es\/es\/inderen-congreso-virtual-smart-primary-mesa-redonda\/#primaryimage"},"thumbnailUrl":"https:\/\/inderen.es\/wp-content\/uploads\/2021\/02\/SMART-PRIMARY-INDEREN-01.jpg","datePublished":"2021-02-08T15:24:30+00:00","dateModified":"2021-02-09T13:46:17+00:00","description":"INDEREN participar\u00e1 en el congreso virtual Smart Primary y la mesa redonda del mi\u00e9rcoles (10 de febrero de 2021) por la ma\u00f1ana a las 11:15...","breadcrumb":{"@id":"https:\/\/inderen.es\/es\/inderen-congreso-virtual-smart-primary-mesa-redonda\/#breadcrumb"},"inLanguage":"es","potentialAction":[{"@type":"ReadAction","target":["https:\/\/inderen.es\/es\/inderen-congreso-virtual-smart-primary-mesa-redonda\/"]}]},{"@type":"ImageObject","inLanguage":"es","@id":"https:\/\/inderen.es\/es\/inderen-congreso-virtual-smart-primary-mesa-redonda\/#primaryimage","url":"https:\/\/inderen.es\/wp-content\/uploads\/2021\/02\/SMART-PRIMARY-INDEREN-01.jpg","contentUrl":"https:\/\/inderen.es\/wp-content\/uploads\/2021\/02\/SMART-PRIMARY-INDEREN-01.jpg","width":1882,"height":927,"caption":"congreso virtual Smart Primary-INDEREN-01"},{"@type":"BreadcrumbList","@id":"https:\/\/inderen.es\/es\/inderen-congreso-virtual-smart-primary-mesa-redonda\/#breadcrumb","itemListElement":[{"@type":"ListItem","position":1,"name":"Home","item":"https:\/\/inderen.es\/es\/"},{"@type":"ListItem","position":2,"name":"INDEREN participar\u00e1 en el congreso virtual Smart Primary y la mesa redonda &#8220;PRESENTE Y FUTURO DE LA ENERG\u00cdA FOTOVOLTAICA PARA EL SECTOR PRIMARIO&#8221;"}]},{"@type":"WebSite","@id":"https:\/\/inderen.es\/es\/#website","url":"https:\/\/inderen.es\/es\/","name":"INDEREN - Ingenier\u00eda y desarrollos renovables","description":"Instaladores de energ\u00edas renovables. Ofrecemos un modelo energ\u00e9tico competitivo que proporcione rentabilidad econ\u00f3mica y valores sociales a nuestros clientes, tanto dom\u00e9sticos como industriales.","publisher":{"@id":"https:\/\/inderen.es\/es\/#organization"},"potentialAction":[{"@type":"SearchAction","target":{"@type":"EntryPoint","urlTemplate":"https:\/\/inderen.es\/es\/?s={search_term_string}"},"query-input":{"@type":"PropertyValueSpecification","valueRequired":true,"valueName":"search_term_string"}}],"inLanguage":"es"},{"@type":"Organization","@id":"https:\/\/inderen.es\/es\/#organization","name":"INDEREN (Ingenier\u00eda y desarrollos renovables, S.L.)","url":"https:\/\/inderen.es\/es\/","logo":{"@type":"ImageObject","inLanguage":"es","@id":"https:\/\/inderen.es\/es\/#\/schema\/logo\/image\/","url":"https:\/\/inderen.es\/wp-content\/uploads\/2019\/04\/logo-inderen.jpg","contentUrl":"https:\/\/inderen.es\/wp-content\/uploads\/2019\/04\/logo-inderen.jpg","width":591,"height":591,"caption":"INDEREN (Ingenier\u00eda y desarrollos renovables, S.L.)"},"image":{"@id":"https:\/\/inderen.es\/es\/#\/schema\/logo\/image\/"},"sameAs":["https:\/\/www.facebook.com\/INDEREN.ENERGIA\/","https:\/\/x.com\/INDEREN_ENERGIA","https:\/\/www.linkedin.com\/company\/inderen\/"]},{"@type":"Person","@id":"https:\/\/inderen.es\/es\/#\/schema\/person\/7b6c57ab892ad75f5a2286d5c66ec97c","name":"Community Manager","image":{"@type":"ImageObject","inLanguage":"es","@id":"https:\/\/secure.gravatar.com\/avatar\/dbc52cf1ccca677d07cb5be43668a1a8f93c7e6383db293ea8d9cc3d21cf54bf?s=96&d=mm&r=g","url":"https:\/\/secure.gravatar.com\/avatar\/dbc52cf1ccca677d07cb5be43668a1a8f93c7e6383db293ea8d9cc3d21cf54bf?s=96&d=mm&r=g","contentUrl":"https:\/\/secure.gravatar.com\/avatar\/dbc52cf1ccca677d07cb5be43668a1a8f93c7e6383db293ea8d9cc3d21cf54bf?s=96&d=mm&r=g","caption":"Community Manager"},"url":"https:\/\/inderen.es\/es\/author\/community-manager\/"}]}},"_links":{"self":[{"href":"https:\/\/inderen.es\/es\/wp-json\/wp\/v2\/posts\/8874","targetHints":{"allow":["GET"]}}],"collection":[{"href":"https:\/\/inderen.es\/es\/wp-json\/wp\/v2\/posts"}],"about":[{"href":"https:\/\/inderen.es\/es\/wp-json\/wp\/v2\/types\/post"}],"author":[{"embeddable":true,"href":"https:\/\/inderen.es\/es\/wp-json\/wp\/v2\/users\/4"}],"replies":[{"embeddable":true,"href":"https:\/\/inderen.es\/es\/wp-json\/wp\/v2\/comments?post=8874"}],"version-history":[{"count":11,"href":"https:\/\/inderen.es\/es\/wp-json\/wp\/v2\/posts\/8874\/revisions"}],"predecessor-version":[{"id":8892,"href":"https:\/\/inderen.es\/es\/wp-json\/wp\/v2\/posts\/8874\/revisions\/8892"}],"wp:featuredmedia":[{"embeddable":true,"href":"https:\/\/inderen.es\/es\/wp-json\/wp\/v2\/media\/8876"}],"wp:attachment":[{"href":"https:\/\/inderen.es\/es\/wp-json\/wp\/v2\/media?parent=8874"}],"wp:term":[{"taxonomy":"category","embeddable":true,"href":"https:\/\/inderen.es\/es\/wp-json\/wp\/v2\/categories?post=8874"},{"taxonomy":"post_tag","embeddable":true,"href":"https:\/\/inderen.es\/es\/wp-json\/wp\/v2\/tags?post=8874"}],"curies":[{"name":"wp","href":"https:\/\/api.w.org\/{rel}","templated":true}]}}